{"id":20455,"date":"2024-08-14T18:52:29","date_gmt":"2024-08-14T21:52:29","guid":{"rendered":"https:\/\/dgospel.com.br\/portal\/?p=20455"},"modified":"2024-08-14T18:52:30","modified_gmt":"2024-08-14T21:52:30","slug":"oms-declara-nova-emergencia-global-apos-disseminacao-rapida-da-mpox-na-africa","status":"publish","type":"post","link":"https:\/\/dgospel.com.br\/portal\/index.php\/2024\/08\/14\/oms-declara-nova-emergencia-global-apos-disseminacao-rapida-da-mpox-na-africa\/","title":{"rendered":"OMS declara nova emerg\u00eancia global ap\u00f3s dissemina\u00e7\u00e3o r\u00e1pida da Mpox na \u00c1frica"},"content":{"rendered":"\n<p>Na tarde desta quarta-feira (14), a Organiza\u00e7\u00e3o Mundial da Sa\u00fade (OMS) declarou que a crescente dissemina\u00e7\u00e3o da Mpox, anteriormente conhecida como var\u00edola dos macacos, em pa\u00edses africanos constitui uma emerg\u00eancia sanit\u00e1ria global. Esta \u00e9 a segunda vez em tr\u00eas anos que a OMS emite tal classifica\u00e7\u00e3o para a Mpox, ap\u00f3s uma emerg\u00eancia semelhante em julho de 2022.<\/p>\n\n\n\n<p>A amea\u00e7a atual \u00e9 considerada mais grave, com mais de 14.000 casos e 524 mortes relatadas desde o in\u00edcio do ano na Rep\u00fablica Democr\u00e1tica do Congo. A doen\u00e7a, que tem uma taxa de mortalidade de cerca de 3% nesta vers\u00e3o mais virulenta, apresenta maior risco para mulheres e crian\u00e7as menores de 15 anos.<\/p>\n\n\n\n<p>O diretor-geral da OMS, Dr. Tedros Adhanom Ghebreyesus, expressou preocupa\u00e7\u00e3o com a r\u00e1pida propaga\u00e7\u00e3o de um novo subtipo do v\u00edrus na \u00c1frica Central e em pa\u00edses vizinhos que nunca haviam relatado casos. O surto j\u00e1 se espalhou para 13 pa\u00edses africanos, levando os Centros de Controle e Preven\u00e7\u00e3o de Doen\u00e7as da \u00c1frica a declarar uma \u201cemerg\u00eancia de sa\u00fade p\u00fablica de seguran\u00e7a continental\u201d.<\/p>\n\n\n\n<p>A OMS espera que a designa\u00e7\u00e3o de emerg\u00eancia encoraje os pa\u00edses-membros a se prepararem para o surgimento do v\u00edrus e a compartilharem recursos como vacinas e tratamentos com na\u00e7\u00f5es menos favorecidas. A variante atual do v\u00edrus \u00e9 mais perigosa e pode se espalhar globalmente, embora especialistas indiquem que crian\u00e7as em pa\u00edses desenvolvidos provavelmente ser\u00e3o menos vulner\u00e1veis a formas graves da doen\u00e7a.<\/p>\n","protected":false},"excerpt":{"rendered":"<p>Na tarde desta quarta-feira (14), a Organiza\u00e7\u00e3o Mundial da Sa\u00fade (OMS) declarou que a crescente dissemina\u00e7\u00e3o da Mpox, anteriormente conhecida como var\u00edola dos macacos, em pa\u00edses africanos constitui uma emerg\u00eancia sanit\u00e1ria global. Esta \u00e9 a segunda vez em tr\u00eas anos que a OMS emite tal classifica\u00e7\u00e3o para a Mpox, ap\u00f3s uma emerg\u00eancia semelhante em julho [&hellip;]<\/p>\n","protected":false},"author":2,"featured_media":20456,"comment_status":"open","ping_status":"open","sticky":false,"template":"","format":"standard","meta":[],"categories":[16],"tags":[],"_links":{"self":[{"href":"https:\/\/dgospel.com.br\/portal\/index.php\/wp-json\/wp\/v2\/posts\/20455"}],"collection":[{"href":"https:\/\/dgospel.com.br\/portal\/index.php\/wp-json\/wp\/v2\/posts"}],"about":[{"href":"https:\/\/dgospel.com.br\/portal\/index.php\/wp-json\/wp\/v2\/types\/post"}],"author":[{"embeddable":true,"href":"https:\/\/dgospel.com.br\/portal\/index.php\/wp-json\/wp\/v2\/users\/2"}],"replies":[{"embeddable":true,"href":"https:\/\/dgospel.com.br\/portal\/index.php\/wp-json\/wp\/v2\/comments?post=20455"}],"version-history":[{"count":1,"href":"https:\/\/dgospel.com.br\/portal\/index.php\/wp-json\/wp\/v2\/posts\/20455\/revisions"}],"predecessor-version":[{"id":20457,"href":"https:\/\/dgospel.com.br\/portal\/index.php\/wp-json\/wp\/v2\/posts\/20455\/revisions\/20457"}],"wp:featuredmedia":[{"embeddable":true,"href":"https:\/\/dgospel.com.br\/portal\/index.php\/wp-json\/wp\/v2\/media\/20456"}],"wp:attachment":[{"href":"https:\/\/dgospel.com.br\/portal\/index.php\/wp-json\/wp\/v2\/media?parent=20455"}],"wp:term":[{"taxonomy":"category","embeddable":true,"href":"https:\/\/dgospel.com.br\/portal\/index.php\/wp-json\/wp\/v2\/categories?post=20455"},{"taxonomy":"post_tag","embeddable":true,"href":"https:\/\/dgospel.com.br\/portal\/index.php\/wp-json\/wp\/v2\/tags?post=20455"}],"curies":[{"name":"wp","href":"https:\/\/api.w.org\/{rel}","templated":true}]}}