{"id":20462,"date":"2024-08-17T11:55:58","date_gmt":"2024-08-17T14:55:58","guid":{"rendered":"https:\/\/dgospel.com.br\/portal\/?p=20462"},"modified":"2024-08-17T11:56:00","modified_gmt":"2024-08-17T14:56:00","slug":"educacao-de-aparecida-tem-segunda-queda-consecutiva-do-ideb-e-nao-alcanca-meta-projetada-pelo-governo-federal-2","status":"publish","type":"post","link":"https:\/\/dgospel.com.br\/portal\/index.php\/2024\/08\/17\/educacao-de-aparecida-tem-segunda-queda-consecutiva-do-ideb-e-nao-alcanca-meta-projetada-pelo-governo-federal-2\/","title":{"rendered":"Educa\u00e7\u00e3o de Aparecida tem segunda queda consecutiva do Ideb e n\u00e3o alcan\u00e7a meta projetada pelo Governo Federal"},"content":{"rendered":"\n<p>Os resultados do \u00cdndice de Desenvolvimento da Educa\u00e7\u00e3o B\u00e1sica (Ideb, referentes ao ano de 2023, foram divulgados nesta quarta-feira, 14, pelo Minist\u00e9rio da Educa\u00e7\u00e3o (Mec). Entre os munic\u00edpios que tiveram queda no resultado, se destaca o de Aparecida do Rio Negro, que j\u00e1 esteve anteriormente como refer\u00eancia no Estado do Tocantins com um dos melhores indicadores educacionais. Os dados comprovam que a Educa\u00e7\u00e3o ficou estagnada nos \u00faltimos quatro anos, j\u00e1 que o munic\u00edpio n\u00e3o conseguiu avan\u00e7ar na nota do Ideb nos Anos Iniciais do Ensino Fundamental.<\/p>\n\n\n\n<p>Observe no gr\u00e1fico que a nota de 2023 foi 5,0, enquanto a meta projetada pelo Governo Federal para 2021 era de 5,4. Ou seja, o \u00edndice n\u00e3o s\u00f3 ficou abaixo do esperado, como teve queda.<\/p>\n\n\n\n<p>Nos anos anteriores houve ascens\u00e3o durante todas as avalia\u00e7\u00f5es, inclusive acima do resultado projetado, sendo 5,6 em 2013; 5,2 em 2015; 5,7 em 2017 e 5,6 em 2019. Os indicadores apontam que em 2013, na gest\u00e3o do ex-prefeito Deusimar Amorim, o munic\u00edpio de Aparecida do Rio Negro j\u00e1 tinha uma nota superior \u00e0 meta projetada pelo Mec para o ano de 2021.<\/p>\n\n\n\n<p><strong>Ideb<\/strong><\/p>\n\n\n\n<p>O Ideb re\u00fane, em um s\u00f3 indicador, os resultados de dois conceitos igualmente importantes para a qualidade da educa\u00e7\u00e3o: o fluxo escolar e as m\u00e9dias de desempenho nas avalia\u00e7\u00f5es de L\u00edngua Portuguesa e Matem\u00e1tica. O \u00edndice \u00e9 uma importante ferramenta para acompanhamento das metas de qualidade para a educa\u00e7\u00e3o b\u00e1sica e importante condutor de pol\u00edtica p\u00fablica em prol da qualidade da educa\u00e7\u00e3o.<\/p>\n\n\n\n<p><strong>Resultado<\/strong><\/p>\n\n\n\n<p>O per\u00edodo de 2013 a 2020 foram de destaque para Educa\u00e7\u00e3o Municipal de Aparecida. O munic\u00edpio executou a\u00e7\u00f5es de vanguarda e deu um salto significativo n\u00e3o s\u00f3 nos \u00edndices, como na qualidade do ensino e do aprendizado dos alunos, o que foi reflexo dos investimentos estruturais, valoriza\u00e7\u00e3o profissional, dentre outros aspectos, como explica o ex-secret\u00e1rio municipal de Educa\u00e7\u00e3o, professor Me. Alexandre Oliveira, que foi diretor da Escola Municipal Luza Machado de Miranda de 2013 a 2017, e secret\u00e1rio da Pasta entre 2017 e 2020.&nbsp;<\/p>\n\n\n\n<p>\u201cPara que o munic\u00edpio conseguisse alcan\u00e7ar e ultrapassar as metas projetadas pelo Mec no per\u00edodo de 2013 a 2019, foram criadas a\u00e7\u00f5es de curto, m\u00e9dio e longo prazo e realizado acompanhamento, monitoramento e avalia\u00e7\u00e3o das a\u00e7\u00f5es criadas. Dentre as a\u00e7\u00f5es destacamos o envolvimento de toda comunidade escolar, cria\u00e7\u00e3o da avalia\u00e7\u00e3o Samar, Forma\u00e7\u00e3o Continuada de Professores com foco nas pr\u00e1ticas pedag\u00f3gicas. Mas o foco principal \u00e9 fazer com que o aluno se torne um sujeito ativo e pertencente nesse processo. Ele precisa perceber a sua import\u00e2ncia, perceber o seu valor e observar que \u00e9 poss\u00edvel alcan\u00e7ar tudo que \u00e9 proposto quando se quer algo\u201d, explicou Alexandre.<\/p>\n\n\n\n<p><strong>Investimentos<\/strong><\/p>\n\n\n\n<p>Nos anos de ascens\u00e3o da Educa\u00e7\u00e3o Municipal, a gest\u00e3o anterior investiu fortemente na \u00e1rea educacional, com amplia\u00e7\u00e3o e constru\u00e7\u00e3o de salas de aula, obras de gin\u00e1sios esportivos, valoriza\u00e7\u00e3o dos profissionais, cria\u00e7\u00e3o do Centro Municipal de Educa\u00e7\u00e3o Infantil (Cmei Aquarela que pela primeira vez proporcionou aos moradores os direitos constitucionais de vagas para crian\u00e7as a partir de 3 anos. Tamb\u00e9m foram criados o Programa de Forma\u00e7\u00e3o Integral (Profien), Sistema Municipal de Educa\u00e7\u00e3o, Conselho Municipal de Educa\u00e7\u00e3o e Avalia\u00e7\u00e3o Samar.<\/p>\n","protected":false},"excerpt":{"rendered":"<p>Os resultados do \u00cdndice de Desenvolvimento da Educa\u00e7\u00e3o B\u00e1sica (Ideb, referentes ao ano de 2023, foram divulgados nesta quarta-feira, 14, pelo Minist\u00e9rio da Educa\u00e7\u00e3o (Mec). Entre os munic\u00edpios que tiveram queda no resultado, se destaca o de Aparecida do Rio Negro, que j\u00e1 esteve anteriormente como refer\u00eancia no Estado do Tocantins com um dos melhores [&hellip;]<\/p>\n","protected":false},"author":2,"featured_media":20460,"comment_status":"open","ping_status":"open","sticky":false,"template":"","format":"standard","meta":[],"categories":[10],"tags":[13],"_links":{"self":[{"href":"https:\/\/dgospel.com.br\/portal\/index.php\/wp-json\/wp\/v2\/posts\/20462"}],"collection":[{"href":"https:\/\/dgospel.com.br\/portal\/index.php\/wp-json\/wp\/v2\/posts"}],"about":[{"href":"https:\/\/dgospel.com.br\/portal\/index.php\/wp-json\/wp\/v2\/types\/post"}],"author":[{"embeddable":true,"href":"https:\/\/dgospel.com.br\/portal\/index.php\/wp-json\/wp\/v2\/users\/2"}],"replies":[{"embeddable":true,"href":"https:\/\/dgospel.com.br\/portal\/index.php\/wp-json\/wp\/v2\/comments?post=20462"}],"version-history":[{"count":1,"href":"https:\/\/dgospel.com.br\/portal\/index.php\/wp-json\/wp\/v2\/posts\/20462\/revisions"}],"predecessor-version":[{"id":20463,"href":"https:\/\/dgospel.com.br\/portal\/index.php\/wp-json\/wp\/v2\/posts\/20462\/revisions\/20463"}],"wp:featuredmedia":[{"embeddable":true,"href":"https:\/\/dgospel.com.br\/portal\/index.php\/wp-json\/wp\/v2\/media\/20460"}],"wp:attachment":[{"href":"https:\/\/dgospel.com.br\/portal\/index.php\/wp-json\/wp\/v2\/media?parent=20462"}],"wp:term":[{"taxonomy":"category","embeddable":true,"href":"https:\/\/dgospel.com.br\/portal\/index.php\/wp-json\/wp\/v2\/categories?post=20462"},{"taxonomy":"post_tag","embeddable":true,"href":"https:\/\/dgospel.com.br\/portal\/index.php\/wp-json\/wp\/v2\/tags?post=20462"}],"curies":[{"name":"wp","href":"https:\/\/api.w.org\/{rel}","templated":true}]}}