{"id":20464,"date":"2024-08-19T12:13:51","date_gmt":"2024-08-19T15:13:51","guid":{"rendered":"https:\/\/dgospel.com.br\/portal\/?p=20464"},"modified":"2024-08-19T12:13:52","modified_gmt":"2024-08-19T15:13:52","slug":"janad-valcari-tem-encontro-com-lideres-evangelicos-nesta-segunda-feira-no-ahandu-eventos","status":"publish","type":"post","link":"https:\/\/dgospel.com.br\/portal\/index.php\/2024\/08\/19\/janad-valcari-tem-encontro-com-lideres-evangelicos-nesta-segunda-feira-no-ahandu-eventos\/","title":{"rendered":"Janad Valcari tem encontro com l\u00edderes evang\u00e9licos nesta segunda-feira no Ahandu Eventos"},"content":{"rendered":"\n<p>Nesta segunda-feira, 19 de agosto, no Ahandu Eventos, na 110 Norte, a partir das 19 horas haver\u00e1 um grande encontro de l\u00edderes evang\u00e9licos com a candidata do PL, Janad Valcari.<\/p>\n\n\n\n<p>Na oportunidade ser\u00e1 entregue \u00e0 candidata um documento contendo as reivindica\u00e7\u00f5es das igrejas evang\u00e9licas de Palmas. O documento foi elaborado, com a anu\u00eancia e assinaturas da maioria dos presidentes, representantes e l\u00edderes das igrejas evang\u00e9licas da capital, e pela Ordem dos Ministros Evang\u00e9licos de Palmas (Omep).<\/p>\n\n\n\n<p>Com centenas de assinaturas, o documento denominado de \u201cpautas e sugest\u00f5es das igrejas e l\u00edderes evang\u00e9licos de palmas para o futuro governo municipal\u201d, com base nos princ\u00edpios crist\u00e3os, isto \u00e9, Deus, P\u00e1tria, Fam\u00edlia e Liberdade.<\/p>\n\n\n\n<p>Os evang\u00e9licos sempre tiveram suas pautas para apresentar para os candidatos em \u00e9poca de elei\u00e7\u00f5es, isso acontece desde as primeiras elei\u00e7\u00f5es em Palmas. Ao longo das gest\u00f5es tiveram essas pautas parcialmente atendidas, mas ainda restam muitas conquistas para as institui\u00e7\u00f5es religiosas.<\/p>\n\n\n\n<p>Janad Valcari, que \u00e9 crist\u00e3, tem recebido apoio da grande maioria dos evang\u00e9licos da capital.<\/p>\n","protected":false},"excerpt":{"rendered":"<p>Nesta segunda-feira, 19 de agosto, no Ahandu Eventos, na 110 Norte, a partir das 19 horas haver\u00e1 um grande encontro de l\u00edderes evang\u00e9licos com a candidata do PL, Janad Valcari. Na oportunidade ser\u00e1 entregue \u00e0 candidata um documento contendo as reivindica\u00e7\u00f5es das igrejas evang\u00e9licas de Palmas. O documento foi elaborado, com a anu\u00eancia e assinaturas [&hellip;]<\/p>\n","protected":false},"author":2,"featured_media":20465,"comment_status":"open","ping_status":"open","sticky":false,"template":"","format":"standard","meta":[],"categories":[4],"tags":[],"_links":{"self":[{"href":"https:\/\/dgospel.com.br\/portal\/index.php\/wp-json\/wp\/v2\/posts\/20464"}],"collection":[{"href":"https:\/\/dgospel.com.br\/portal\/index.php\/wp-json\/wp\/v2\/posts"}],"about":[{"href":"https:\/\/dgospel.com.br\/portal\/index.php\/wp-json\/wp\/v2\/types\/post"}],"author":[{"embeddable":true,"href":"https:\/\/dgospel.com.br\/portal\/index.php\/wp-json\/wp\/v2\/users\/2"}],"replies":[{"embeddable":true,"href":"https:\/\/dgospel.com.br\/portal\/index.php\/wp-json\/wp\/v2\/comments?post=20464"}],"version-history":[{"count":1,"href":"https:\/\/dgospel.com.br\/portal\/index.php\/wp-json\/wp\/v2\/posts\/20464\/revisions"}],"predecessor-version":[{"id":20466,"href":"https:\/\/dgospel.com.br\/portal\/index.php\/wp-json\/wp\/v2\/posts\/20464\/revisions\/20466"}],"wp:featuredmedia":[{"embeddable":true,"href":"https:\/\/dgospel.com.br\/portal\/index.php\/wp-json\/wp\/v2\/media\/20465"}],"wp:attachment":[{"href":"https:\/\/dgospel.com.br\/portal\/index.php\/wp-json\/wp\/v2\/media?parent=20464"}],"wp:term":[{"taxonomy":"category","embeddable":true,"href":"https:\/\/dgospel.com.br\/portal\/index.php\/wp-json\/wp\/v2\/categories?post=20464"},{"taxonomy":"post_tag","embeddable":true,"href":"https:\/\/dgospel.com.br\/portal\/index.php\/wp-json\/wp\/v2\/tags?post=20464"}],"curies":[{"name":"wp","href":"https:\/\/api.w.org\/{rel}","templated":true}]}}