{"id":20467,"date":"2024-08-20T21:08:32","date_gmt":"2024-08-21T00:08:32","guid":{"rendered":"https:\/\/dgospel.com.br\/portal\/?p=20467"},"modified":"2024-08-20T21:08:33","modified_gmt":"2024-08-21T00:08:33","slug":"incendios-na-amazonia-e-no-pantanal-agravam-crise-ambiental-e-afetam-qualidade-do-ar-em-dez-estados-brasileiros","status":"publish","type":"post","link":"https:\/\/dgospel.com.br\/portal\/index.php\/2024\/08\/20\/incendios-na-amazonia-e-no-pantanal-agravam-crise-ambiental-e-afetam-qualidade-do-ar-em-dez-estados-brasileiros\/","title":{"rendered":"Inc\u00eandios na Amaz\u00f4nia e no Pantanal agravam crise ambiental e afetam qualidade do ar em dez estados Brasileiros"},"content":{"rendered":"\n<p>Com o agravamento da temporada de inc\u00eandios na Amaz\u00f4nia e no Pantanal, intensificada pelas mudan\u00e7as clim\u00e1ticas, cidades em dez estados brasileiros est\u00e3o enfrentando epis\u00f3dios de fuma\u00e7a e uma acentuada queda na qualidade do ar. Imagens do Centro de Previs\u00e3o do Tempo e Estudos Clim\u00e1ticos mostram uma preocupante concentra\u00e7\u00e3o de mon\u00f3xido de carbono que se estende do Norte do Brasil at\u00e9 as regi\u00f5es Sul e Sudeste, afetando tamb\u00e9m pa\u00edses vizinhos como Peru, Bol\u00edvia e Paraguai.<\/p>\n\n\n\n<p>Diante dessa situa\u00e7\u00e3o cr\u00edtica, o Fundo Internacional de Emerg\u00eancia das Na\u00e7\u00f5es Unidas para a Inf\u00e2ncia (Unicef) emitiu na \u00faltima semana um alerta sobre os cuidados necess\u00e1rios para proteger a sa\u00fade da popula\u00e7\u00e3o, especialmente das crian\u00e7as.<\/p>\n\n\n\n<p>Segundo o Minist\u00e9rio do Meio Ambiente e Mudan\u00e7a do Clima (MMA), os focos de inc\u00eandio na Amaz\u00f4nia est\u00e3o concentrados principalmente no sul do Amazonas e ao longo da Rodovia Transamaz\u00f4nica (BR-230). Dados do Instituto Nacional de Pesquisas Espaciais (Inpe) indicam que Amazonas e Par\u00e1 s\u00e3o respons\u00e1veis por mais da metade (51,6%) dos focos de inc\u00eandio registrados no bioma entre 1\u00ba de janeiro e 18 de agosto de 2024. Desde 1\u00ba de julho, esses dois estados registraram 67,2% dos focos de inc\u00eandio no bioma.<\/p>\n\n\n\n<p>O Laborat\u00f3rio de Aplica\u00e7\u00f5es de Sat\u00e9lites Ambientais da Universidade Federal do Rio de Janeiro (Lasa-UFRJ) relatou que, neste ano, os inc\u00eandios j\u00e1 destru\u00edram 3,2 milh\u00f5es de hectares da Amaz\u00f4nia, o que representa 0,77% do bioma. No Pantanal, o fogo consumiu quase 1,9 milh\u00e3o de hectares, afetando 12,5% do territ\u00f3rio.<\/p>\n\n\n\n<p>O Sistema de Alarmes do Lasa-UFRJ emitiu um alerta de perigo extremo de inc\u00eandio, prevendo condi\u00e7\u00f5es clim\u00e1ticas altamente desfavor\u00e1veis para o combate aos inc\u00eandios na Bacia do Paraguai, no Pantanal, at\u00e9 a pr\u00f3xima quinta-feira (22). As condi\u00e7\u00f5es indicam uma alta velocidade de propaga\u00e7\u00e3o do fogo, o que dificulta ainda mais o combate, inclusive por meio de opera\u00e7\u00f5es a\u00e9reas.<\/p>\n\n\n\n<p>Para enfrentar a crise, o MMA informou que 1.489 brigadistas do Instituto Brasileiro do Meio Ambiente e dos Recursos Naturais Renov\u00e1veis (Ibama) e do Instituto Chico Mendes de Conserva\u00e7\u00e3o da Biodiversidade (ICMBio) est\u00e3o atuando no combate aos inc\u00eandios na Amaz\u00f4nia. Desde 24 de julho, 98 inc\u00eandios foram extintos, mas 75 ainda permanecem ativos, reunindo at\u00e9 milhares de focos de calor.<\/p>\n\n\n\n<p>No Pantanal de Mato Grosso, 348 brigadistas do Ibama e ICMBio est\u00e3o no campo, junto com 454 militares das For\u00e7as Armadas, 95 da For\u00e7a Nacional e 10 da Pol\u00edcia Federal. Das 98 \u00e1reas de inc\u00eandio identificadas, 50 foram controladas, enquanto 46 ainda est\u00e3o ativas, com 27 j\u00e1 sob controle.<\/p>\n\n\n\n<p>Em resposta \u00e0 emerg\u00eancia, o governo federal criou uma sala de situa\u00e7\u00e3o em junho para coordenar as a\u00e7\u00f5es de combate aos inc\u00eandios em todo o pa\u00eds. Na Amaz\u00f4nia Legal, foram disponibilizados R$ 405 milh\u00f5es do Fundo Amaz\u00f4nia para apoiar as opera\u00e7\u00f5es do Corpo de Bombeiros estaduais. No Pantanal, foi liberado um cr\u00e9dito extraordin\u00e1rio de R$ 137,6 milh\u00f5es, al\u00e9m de um repasse de R$ 13,4 milh\u00f5es ao Minist\u00e9rio da Integra\u00e7\u00e3o e do Desenvolvimento Regional para assist\u00eancia humanit\u00e1ria e combate aos inc\u00eandios florestais.<\/p>\n","protected":false},"excerpt":{"rendered":"<p>Com o agravamento da temporada de inc\u00eandios na Amaz\u00f4nia e no Pantanal, intensificada pelas mudan\u00e7as clim\u00e1ticas, cidades em dez estados brasileiros est\u00e3o enfrentando epis\u00f3dios de fuma\u00e7a e uma acentuada queda na qualidade do ar. Imagens do Centro de Previs\u00e3o do Tempo e Estudos Clim\u00e1ticos mostram uma preocupante concentra\u00e7\u00e3o de mon\u00f3xido de carbono que se estende [&hellip;]<\/p>\n","protected":false},"author":2,"featured_media":20468,"comment_status":"open","ping_status":"open","sticky":false,"template":"","format":"standard","meta":[],"categories":[10],"tags":[13],"_links":{"self":[{"href":"https:\/\/dgospel.com.br\/portal\/index.php\/wp-json\/wp\/v2\/posts\/20467"}],"collection":[{"href":"https:\/\/dgospel.com.br\/portal\/index.php\/wp-json\/wp\/v2\/posts"}],"about":[{"href":"https:\/\/dgospel.com.br\/portal\/index.php\/wp-json\/wp\/v2\/types\/post"}],"author":[{"embeddable":true,"href":"https:\/\/dgospel.com.br\/portal\/index.php\/wp-json\/wp\/v2\/users\/2"}],"replies":[{"embeddable":true,"href":"https:\/\/dgospel.com.br\/portal\/index.php\/wp-json\/wp\/v2\/comments?post=20467"}],"version-history":[{"count":1,"href":"https:\/\/dgospel.com.br\/portal\/index.php\/wp-json\/wp\/v2\/posts\/20467\/revisions"}],"predecessor-version":[{"id":20469,"href":"https:\/\/dgospel.com.br\/portal\/index.php\/wp-json\/wp\/v2\/posts\/20467\/revisions\/20469"}],"wp:featuredmedia":[{"embeddable":true,"href":"https:\/\/dgospel.com.br\/portal\/index.php\/wp-json\/wp\/v2\/media\/20468"}],"wp:attachment":[{"href":"https:\/\/dgospel.com.br\/portal\/index.php\/wp-json\/wp\/v2\/media?parent=20467"}],"wp:term":[{"taxonomy":"category","embeddable":true,"href":"https:\/\/dgospel.com.br\/portal\/index.php\/wp-json\/wp\/v2\/categories?post=20467"},{"taxonomy":"post_tag","embeddable":true,"href":"https:\/\/dgospel.com.br\/portal\/index.php\/wp-json\/wp\/v2\/tags?post=20467"}],"curies":[{"name":"wp","href":"https:\/\/api.w.org\/{rel}","templated":true}]}}