{"id":20473,"date":"2024-08-21T10:51:52","date_gmt":"2024-08-21T13:51:52","guid":{"rendered":"https:\/\/dgospel.com.br\/portal\/?p=20473"},"modified":"2024-08-21T10:51:53","modified_gmt":"2024-08-21T13:51:53","slug":"para-marco-aurelio-ministros-do-stf-perderam-a-cidadania","status":"publish","type":"post","link":"https:\/\/dgospel.com.br\/portal\/index.php\/2024\/08\/21\/para-marco-aurelio-ministros-do-stf-perderam-a-cidadania\/","title":{"rendered":"Para Marco Aur\u00e9lio, ministros do STF \u201cperderam a cidadania\u201d"},"content":{"rendered":"\n<p>O ministro aposentado do Supremo Tribunal Federal (STF) Marco Aur\u00e9lio Mello avaliou que seus ex-colegas de Corte \u201cperderam a cidadania\u201d. Ele ainda pontuou que a \u201cconcentra\u00e7\u00e3o de poderes n\u00e3o \u00e9 sadia\u201d, na verdade, \u00e9 \u201cperniciosa\u201d.<\/p>\n\n\n\n<p>As declara\u00e7\u00f5es ocorreram em entrevista ao Jornal da Oeste, nesta segunda-feira (19). Na ocasi\u00e3o, Marco Aur\u00e9lio se pronunciou sobre o ministro Alexandre de Moraes ter usado informalmente o Tribunal Superior Eleitoral (STF) para mirar aliados do ex-presidente Jair Bolsonaro (PL).<\/p>\n\n\n\n<p>\u2013 \u00c9 tudo muito triste. E evidentemente, n\u00e3o estou contente com o que eu vejo. Administra\u00e7\u00e3o p\u00fablica s\u00f3 pode agir quando autorizada em lei. E Judici\u00e1rio \u00e9 \u00f3rg\u00e3o inerte. H\u00e1 de haver sempre a provoca\u00e7\u00e3o: o nosso sistema brasileiro \u00e9 acusat\u00f3rio. A pol\u00edcia investiga, o Minist\u00e9rio P\u00fablico acusa, e o Judici\u00e1rio, \u00f3rg\u00e3o independente e equidistante julga \u2013 assinalou.<\/p>\n\n\n\n<p>O magistrado ainda reprovou o fato de Moraes dispor de juiz auxiliar no STF e no TSE.<\/p>\n\n\n\n<p>\u2013 N\u00e3o vejo com bons olhos quando se tira um juiz do primeiro grau para coloc\u00e1-lo simplesmente como juiz auxiliar de um ministro, como se assessor, servidor p\u00fablico simples fosse \u2013 acrescentou.<\/p>\n\n\n\n<p>Marco Aur\u00e9lio tamb\u00e9m alcunhou o inqu\u00e9rito das fake news como o \u201cinqu\u00e9rito do fim do mundo\u201d, e disse que ele j\u00e1 come\u00e7ou mal.<\/p>\n\n\n\n<p>\u2013 N\u00e3o vejo quando o inqu\u00e9rito terminar\u00e1 porque nele cabe tudo. J\u00e1 est\u00e1 em tramita\u00e7\u00e3o h\u00e1 quatro anos. Por que come\u00e7ou errado? Porque foi instaurado pela v\u00edtima, pelo pr\u00f3prio Supremo. E o presidente \u00e0 \u00e9poca [Dias Toffoli] ao inv\u00e9s de proceder ao sorteio do inqu\u00e9rito, ele pin\u00e7ou a dedo o relator [Alexandre de Moraes] \u2013 lembrou.<\/p>\n","protected":false},"excerpt":{"rendered":"<p>O ministro aposentado do Supremo Tribunal Federal (STF) Marco Aur\u00e9lio Mello avaliou que seus ex-colegas de Corte \u201cperderam a cidadania\u201d. Ele ainda pontuou que a \u201cconcentra\u00e7\u00e3o de poderes n\u00e3o \u00e9 sadia\u201d, na verdade, \u00e9 \u201cperniciosa\u201d. As declara\u00e7\u00f5es ocorreram em entrevista ao Jornal da Oeste, nesta segunda-feira (19). Na ocasi\u00e3o, Marco Aur\u00e9lio se pronunciou sobre o [&hellip;]<\/p>\n","protected":false},"author":2,"featured_media":20474,"comment_status":"open","ping_status":"open","sticky":false,"template":"","format":"standard","meta":[],"categories":[10],"tags":[],"_links":{"self":[{"href":"https:\/\/dgospel.com.br\/portal\/index.php\/wp-json\/wp\/v2\/posts\/20473"}],"collection":[{"href":"https:\/\/dgospel.com.br\/portal\/index.php\/wp-json\/wp\/v2\/posts"}],"about":[{"href":"https:\/\/dgospel.com.br\/portal\/index.php\/wp-json\/wp\/v2\/types\/post"}],"author":[{"embeddable":true,"href":"https:\/\/dgospel.com.br\/portal\/index.php\/wp-json\/wp\/v2\/users\/2"}],"replies":[{"embeddable":true,"href":"https:\/\/dgospel.com.br\/portal\/index.php\/wp-json\/wp\/v2\/comments?post=20473"}],"version-history":[{"count":1,"href":"https:\/\/dgospel.com.br\/portal\/index.php\/wp-json\/wp\/v2\/posts\/20473\/revisions"}],"predecessor-version":[{"id":20475,"href":"https:\/\/dgospel.com.br\/portal\/index.php\/wp-json\/wp\/v2\/posts\/20473\/revisions\/20475"}],"wp:featuredmedia":[{"embeddable":true,"href":"https:\/\/dgospel.com.br\/portal\/index.php\/wp-json\/wp\/v2\/media\/20474"}],"wp:attachment":[{"href":"https:\/\/dgospel.com.br\/portal\/index.php\/wp-json\/wp\/v2\/media?parent=20473"}],"wp:term":[{"taxonomy":"category","embeddable":true,"href":"https:\/\/dgospel.com.br\/portal\/index.php\/wp-json\/wp\/v2\/categories?post=20473"},{"taxonomy":"post_tag","embeddable":true,"href":"https:\/\/dgospel.com.br\/portal\/index.php\/wp-json\/wp\/v2\/tags?post=20473"}],"curies":[{"name":"wp","href":"https:\/\/api.w.org\/{rel}","templated":true}]}}