{"id":20476,"date":"2024-08-21T10:54:33","date_gmt":"2024-08-21T13:54:33","guid":{"rendered":"https:\/\/dgospel.com.br\/portal\/?p=20476"},"modified":"2024-08-21T10:54:35","modified_gmt":"2024-08-21T13:54:35","slug":"argentina-registra-superavit-de-15-bilhao-de-dolares-em-julho","status":"publish","type":"post","link":"https:\/\/dgospel.com.br\/portal\/index.php\/2024\/08\/21\/argentina-registra-superavit-de-15-bilhao-de-dolares-em-julho\/","title":{"rendered":"Argentina registra super\u00e1vit de 1,5 bilh\u00e3o de d\u00f3lares em julho"},"content":{"rendered":"\n<p>A&nbsp;<a href=\"http:\/\/pleno.news\/tag\/argentina\" target=\"_blank\" rel=\"noreferrer noopener\">Argentina<\/a>&nbsp;registrou um super\u00e1vit comercial de 1,575 bilh\u00e3o de d\u00f3lares (R$ 8,63 bilh\u00f5es na cota\u00e7\u00e3o atual) em julho, em contraste com o saldo negativo de 700 milh\u00f5es de d\u00f3lares (R$ 3,83 bilh\u00f5es) no mesmo m\u00eas do ano passado, informaram fontes oficiais nesta ter\u00e7a-feira (20). Com esse resultado, a Argentina passou a ter super\u00e1vit comercial por oito meses consecutivos.<\/p>\n\n\n\n<p>De acordo com o Instituto Nacional de Estat\u00edstica e Censos (Indec), o volume de com\u00e9rcio (exporta\u00e7\u00f5es mais importa\u00e7\u00f5es) aumentou 0,4% em julho em rela\u00e7\u00e3o ao ano anterior, totalizando 12,867 bilh\u00f5es de d\u00f3lares (R$ 70,51 bilh\u00f5es). Em julho, a Argentina exportou 7,221 bilh\u00f5es de d\u00f3lares (R$ 39,57 bilh\u00f5es), 19,2% a mais do que no mesmo m\u00eas de 2023.<\/p>\n\n\n\n<p>As importa\u00e7\u00f5es, por outro lado, ficaram no valor de 5,646 bilh\u00f5es de d\u00f3lares (R$ 30,94 bilh\u00f5es) no s\u00e9timo m\u00eas deste ano e ca\u00edram 16,5% em rela\u00e7\u00e3o ao ano anterior.<\/p>\n\n\n\n<p>Nos primeiros sete meses do ano, a Argentina acumulou um super\u00e1vit comercial de 12,262 bilh\u00f5es de d\u00f3lares (R$ 67,19 bilh\u00f5es), j\u00e1 que as exporta\u00e7\u00f5es totalizaram 45,397 bilh\u00f5es de d\u00f3lares (R$ 248,76 bilh\u00f5es) e as importa\u00e7\u00f5es, 33,135 bilh\u00f5es de d\u00f3lares (R$ 181,57 bilh\u00f5es ). No ano passado, a Argentina registrou um d\u00e9ficit comercial de 6,925 bilh\u00f5es de d\u00f3lares.<\/p>\n\n\n\n<p>*EFE<\/p>\n","protected":false},"excerpt":{"rendered":"<p>A&nbsp;Argentina&nbsp;registrou um super\u00e1vit comercial de 1,575 bilh\u00e3o de d\u00f3lares (R$ 8,63 bilh\u00f5es na cota\u00e7\u00e3o atual) em julho, em contraste com o saldo negativo de 700 milh\u00f5es de d\u00f3lares (R$ 3,83 bilh\u00f5es) no mesmo m\u00eas do ano passado, informaram fontes oficiais nesta ter\u00e7a-feira (20). Com esse resultado, a Argentina passou a ter super\u00e1vit comercial por oito [&hellip;]<\/p>\n","protected":false},"author":2,"featured_media":20477,"comment_status":"open","ping_status":"open","sticky":false,"template":"","format":"standard","meta":[],"categories":[12,16],"tags":[],"_links":{"self":[{"href":"https:\/\/dgospel.com.br\/portal\/index.php\/wp-json\/wp\/v2\/posts\/20476"}],"collection":[{"href":"https:\/\/dgospel.com.br\/portal\/index.php\/wp-json\/wp\/v2\/posts"}],"about":[{"href":"https:\/\/dgospel.com.br\/portal\/index.php\/wp-json\/wp\/v2\/types\/post"}],"author":[{"embeddable":true,"href":"https:\/\/dgospel.com.br\/portal\/index.php\/wp-json\/wp\/v2\/users\/2"}],"replies":[{"embeddable":true,"href":"https:\/\/dgospel.com.br\/portal\/index.php\/wp-json\/wp\/v2\/comments?post=20476"}],"version-history":[{"count":1,"href":"https:\/\/dgospel.com.br\/portal\/index.php\/wp-json\/wp\/v2\/posts\/20476\/revisions"}],"predecessor-version":[{"id":20478,"href":"https:\/\/dgospel.com.br\/portal\/index.php\/wp-json\/wp\/v2\/posts\/20476\/revisions\/20478"}],"wp:featuredmedia":[{"embeddable":true,"href":"https:\/\/dgospel.com.br\/portal\/index.php\/wp-json\/wp\/v2\/media\/20477"}],"wp:attachment":[{"href":"https:\/\/dgospel.com.br\/portal\/index.php\/wp-json\/wp\/v2\/media?parent=20476"}],"wp:term":[{"taxonomy":"category","embeddable":true,"href":"https:\/\/dgospel.com.br\/portal\/index.php\/wp-json\/wp\/v2\/categories?post=20476"},{"taxonomy":"post_tag","embeddable":true,"href":"https:\/\/dgospel.com.br\/portal\/index.php\/wp-json\/wp\/v2\/tags?post=20476"}],"curies":[{"name":"wp","href":"https:\/\/api.w.org\/{rel}","templated":true}]}}