{"id":20482,"date":"2024-08-21T11:07:10","date_gmt":"2024-08-21T14:07:10","guid":{"rendered":"https:\/\/dgospel.com.br\/portal\/?p=20482"},"modified":"2024-08-21T11:07:11","modified_gmt":"2024-08-21T14:07:11","slug":"ex-miss-universo-venezuelana-e-batizada-a-velha-vida-passou","status":"publish","type":"post","link":"https:\/\/dgospel.com.br\/portal\/index.php\/2024\/08\/21\/ex-miss-universo-venezuelana-e-batizada-a-velha-vida-passou\/","title":{"rendered":"Ex-Miss Universo venezuelana \u00e9 batizada: \u201cA velha vida passou\u201d"},"content":{"rendered":"\n<p>No \u00faltimo s\u00e1bado (17), Stefan\u00eda Fern\u00e1ndez, a Miss Universo venezuelana de 2009, foi batizada e testemunhou publicamente sua f\u00e9 em Jesus.<\/p>\n\n\n\n<p>Na ocasi\u00e3o, Stefan\u00eda foi batizada por sua compatriota e tamb\u00e9m ex-Miss Universo,&nbsp;<a href=\"https:\/\/www.guiame.com.br\/busca?termo=Dayana+Mendoza\"><strong>Dayana Mendoza<\/strong><\/a>. Em 2009, as duas fizeram hist\u00f3ria ao garantir o \u201cBack to Back\u201d venezuelano no Miss Universo, quando Dayana coroou Stefan\u00eda como sua sucessora.<\/p>\n\n\n\n<p>Ap\u00f3s 15 anos, as duas compartilham da mesma f\u00e9. No Instagram, Stefan\u00eda compartilhou um v\u00eddeo de seu&nbsp;<a href=\"https:\/\/www.guiame.com.br\/busca?termo=batismo\"><strong>batismo&nbsp;<\/strong><\/a>em uma banheira.<\/p>\n\n\n\n<p>De acordo com o site Evangelico Digital, Dayana aceitou Jesus em 2020 e abandonou a carreira de modelo. Em junho deste ano, Stefan\u00eda fez o mesmo.<\/p>\n\n\n\n<p><strong>O batismo&nbsp;<\/strong><\/p>\n\n\n\n<p>Stefan\u00eda compartilhou sua gratid\u00e3o a Deus e a Dayana por acompanh\u00e1-la no processo de \u201ctransforma\u00e7\u00e3o espiritual\u201d.<\/p>\n\n\n\n<p>\u201cA velha vida passou; uma nova vida come\u00e7ou. Obrigada Deus pelo seu chamado. Obrigada por me resgatar. Obrigada por me renovar. Obrigada pelo seu amor e sacrif\u00edcio, Senhor Jesus. Tu \u00e9s o caminho, a verdade e a vida\u201d, testemunhou Stefan\u00eda.<\/p>\n\n\n\n<p>E continua citando o vers\u00edculo em Atos 2:38, que diz: \u201c<em>Pedro disse-lhes: Arrependam-se e cada um de voc\u00eas seja batizado em nome de Jesus Cristo para perd\u00e3o dos pecados; e voc\u00ea receber\u00e1 o dom do Esp\u00edrito Santo<\/em>\u201d.<\/p>\n\n\n\n<p>Muitos comentaram a publica\u00e7\u00e3o louvando a Deus pelo testemunho de Stefan\u00eda, a encorajando a seguir firme em seu relacionamento com Jesus.<\/p>\n\n\n\n<p>A nova convertida tem compartilhado a B\u00edblia atrav\u00e9s de suas publica\u00e7\u00f5es nas redes sociais e est\u00e1 comprometida a evangelizar outras vidas:<\/p>\n\n\n\n<p>\u201cTodas as respostas est\u00e3o nas Escrituras. Devemos l\u00ea-la com um cora\u00e7\u00e3o aberto e disposto e pedir ao Pai que nos d\u00ea sabedoria atrav\u00e9s do Esp\u00edrito Santo para a compreender. Temos que ser disc\u00edpulos comprometidos\u201d.<\/p>\n\n\n\n<p>E acrescentou: \u201cObrigada Senhor Jesus pelo seu amor infal\u00edvel. Tua Palavra, Senhor, \u00e9 vida. Obrigada pelos teus ensinamentos Pai. E se o v\u00e9u ainda estiver em seu cora\u00e7\u00e3o, quando voc\u00ea se converter ao Senhor, ele ser\u00e1 removido. O v\u00e9u \u00e9 cegueira e surdez espiritual. Quando aceitamos Jesus, nosso Senhor, experimentamos uma transforma\u00e7\u00e3o e vemos a sua gl\u00f3ria\u201d.<\/p>\n\n\n\n<p><a href=\"https:\/\/www.instagram.com\/reel\/C-xczlPuVc0\/?utm_source=ig_embed&amp;ig_rid=777f538b-7527-4c14-aedd-a9eb480a1622\">https:\/\/www.instagram.com\/reel\/C-xczlPuVc0\/?utm_source=ig_embed&amp;ig_rid=777f538b-7527-4c14-aedd-a9eb480a1622<\/a><\/p>\n","protected":false},"excerpt":{"rendered":"<p>No \u00faltimo s\u00e1bado (17), Stefan\u00eda Fern\u00e1ndez, a Miss Universo venezuelana de 2009, foi batizada e testemunhou publicamente sua f\u00e9 em Jesus. Na ocasi\u00e3o, Stefan\u00eda foi batizada por sua compatriota e tamb\u00e9m ex-Miss Universo,&nbsp;Dayana Mendoza. Em 2009, as duas fizeram hist\u00f3ria ao garantir o \u201cBack to Back\u201d venezuelano no Miss Universo, quando Dayana coroou Stefan\u00eda como [&hellip;]<\/p>\n","protected":false},"author":2,"featured_media":20483,"comment_status":"open","ping_status":"open","sticky":false,"template":"","format":"standard","meta":[],"categories":[12,5],"tags":[],"_links":{"self":[{"href":"https:\/\/dgospel.com.br\/portal\/index.php\/wp-json\/wp\/v2\/posts\/20482"}],"collection":[{"href":"https:\/\/dgospel.com.br\/portal\/index.php\/wp-json\/wp\/v2\/posts"}],"about":[{"href":"https:\/\/dgospel.com.br\/portal\/index.php\/wp-json\/wp\/v2\/types\/post"}],"author":[{"embeddable":true,"href":"https:\/\/dgospel.com.br\/portal\/index.php\/wp-json\/wp\/v2\/users\/2"}],"replies":[{"embeddable":true,"href":"https:\/\/dgospel.com.br\/portal\/index.php\/wp-json\/wp\/v2\/comments?post=20482"}],"version-history":[{"count":1,"href":"https:\/\/dgospel.com.br\/portal\/index.php\/wp-json\/wp\/v2\/posts\/20482\/revisions"}],"predecessor-version":[{"id":20484,"href":"https:\/\/dgospel.com.br\/portal\/index.php\/wp-json\/wp\/v2\/posts\/20482\/revisions\/20484"}],"wp:featuredmedia":[{"embeddable":true,"href":"https:\/\/dgospel.com.br\/portal\/index.php\/wp-json\/wp\/v2\/media\/20483"}],"wp:attachment":[{"href":"https:\/\/dgospel.com.br\/portal\/index.php\/wp-json\/wp\/v2\/media?parent=20482"}],"wp:term":[{"taxonomy":"category","embeddable":true,"href":"https:\/\/dgospel.com.br\/portal\/index.php\/wp-json\/wp\/v2\/categories?post=20482"},{"taxonomy":"post_tag","embeddable":true,"href":"https:\/\/dgospel.com.br\/portal\/index.php\/wp-json\/wp\/v2\/tags?post=20482"}],"curies":[{"name":"wp","href":"https:\/\/api.w.org\/{rel}","templated":true}]}}