{"id":20488,"date":"2024-08-21T11:20:50","date_gmt":"2024-08-21T14:20:50","guid":{"rendered":"https:\/\/dgospel.com.br\/portal\/?p=20488"},"modified":"2024-08-21T11:20:52","modified_gmt":"2024-08-21T14:20:52","slug":"em-porto-nacional-governador-wanderlei-barbosa-entrega-nova-unidade-do-pronto-e-inaugura-leitos-no-hospital-maternidade-da-cidade","status":"publish","type":"post","link":"https:\/\/dgospel.com.br\/portal\/index.php\/2024\/08\/21\/em-porto-nacional-governador-wanderlei-barbosa-entrega-nova-unidade-do-pronto-e-inaugura-leitos-no-hospital-maternidade-da-cidade\/","title":{"rendered":"Em Porto Nacional, governador Wanderlei Barbosa entrega nova unidade do PronTO e inaugura leitos no Hospital Maternidade da cidade"},"content":{"rendered":"\n<p>O governador do Tocantins, Wanderlei Barbosa, acompanhado do secret\u00e1rio de Estado da Administra\u00e7\u00e3o, Paulo C\u00e9sar Benfica Filho, inaugurou na tarde desta segunda-feira, 19, a nova unidade do Servi\u00e7o de Atendimento ao Cidad\u00e3o (PronTO) em Porto Nacional. A unidade tem como objetivo centralizar os servi\u00e7os de 11 \u00f3rg\u00e3os estaduais, proporcionando mais comodidade e efici\u00eancia aos cidad\u00e3os da regi\u00e3o. Na ocasi\u00e3o, tamb\u00e9m foram inaugurados leitos pr\u00e9-parto no Hospital Materno Infantil de Porto Nacional.<\/p>\n\n\n\n<p>Em seu discurso, o chefe do Executivo destacou que a nova unidade do PronTO trar\u00e1 mais praticidade e agilidade no atendimento ao p\u00fablico, al\u00e9m de gerar mais economia para o Estado. &#8220;Hoje&nbsp;<em>[segunda-feira, 19]<\/em>, damos mais um passo importante para facilitar a vida dos cidad\u00e3os de Porto Nacional e regi\u00e3o com a inaugura\u00e7\u00e3o da nova unidade do PronTO. Estamos entregando servi\u00e7os para facilitar a vida dos cidad\u00e3os e trazer cidadania \u00e0s pessoas de Porto Nacional. Este espa\u00e7o centraliza servi\u00e7os essenciais de 11 \u00f3rg\u00e3os estaduais, trazendo mais praticidade, agilidade e efici\u00eancia no atendimento, al\u00e9m de gerar economia para os cofres p\u00fablicos. \u00c9 mais uma demonstra\u00e7\u00e3o do nosso compromisso em melhorar o servi\u00e7o p\u00fablico e atender melhor a nossa popula\u00e7\u00e3o&#8221;, salientou o governador Wanderlei Barbosa.<\/p>\n\n\n\n<p>O secret\u00e1rio de Estado da Administra\u00e7\u00e3o (Secad), Paulo C\u00e9sar Benfica Filho, ressaltou os benef\u00edcios dessa centraliza\u00e7\u00e3o para a comunidade de Porto Nacional. \u201cHoje \u00e9 um dia muito importante com a inaugura\u00e7\u00e3o da unidade do PronTO em Porto Nacional. Estamos propondo uma nova efici\u00eancia no servi\u00e7o p\u00fablico, unindo \u00f3rg\u00e3os como Ruraltins e Adapec em um s\u00f3 local. Isso gera economia ao Governo do Tocantins, ao desocupar quatro pr\u00e9dios, e ao cidad\u00e3o, que agora pode ser atendido em um \u00fanico lugar, tendo acesso a mais de 200 servi\u00e7os, sem necessidade de deslocamentos entre diferentes pontos\u201d, pontuou Paulo C\u00e9sar.<\/p>\n\n\n\n<p>O PronTO \u00e9 um programa de atendimento ao cidad\u00e3o do Governo do Tocantins, por meio da Secretaria de Estado da Administra\u00e7\u00e3o (Secad), que tem o objetivo de garantir \u00e0 popula\u00e7\u00e3o tocantinense um servi\u00e7o de atendimento em que o cidad\u00e3o tem uma rela\u00e7\u00e3o direta com os \u00f3rg\u00e3os estaduais da administra\u00e7\u00e3o direta e indireta, al\u00e9m de \u00f3rg\u00e3os municipais e federais. O programa disponibiliza, ao cidad\u00e3o, maior qualidade e comodidade, oferecendo mais de 200 servi\u00e7os.<\/p>\n\n\n\n<p><strong>Centraliza\u00e7\u00e3o administrativa<\/strong><\/p>\n\n\n\n<p>A instala\u00e7\u00e3o da terceira unidade do PronTO reflete um novo conceito de centraliza\u00e7\u00e3o administrativa, permitindo que diversos \u00f3rg\u00e3os funcionem em um \u00fanico local. Entre os servi\u00e7os oferecidos est\u00e3o os da Ag\u00eancia de Defesa Agropecu\u00e1ria do Tocantins (Adapec\/TO) e do Instituto de Desenvolvimento Rural do Tocantins (Ruraltins) que, agora, operam completamente dentro da nova unidade. Al\u00e9m de facilitar o acesso da popula\u00e7\u00e3o a esses servi\u00e7os, a centraliza\u00e7\u00e3o permite ao governo uma economia significativa com a desocupa\u00e7\u00e3o de pr\u00e9dios alugados anteriormente.<\/p>\n\n\n\n<p>A diretora de Suporte ao PronTO, Elissa Moara Ribeiro, explicou que o intuito \u00e9 facilitar a vida do cidad\u00e3o. \u201cJ\u00e1 temos unidades em Gurupi, Aragua\u00edna e, agora, em Porto Nacional, com um sistema que \u00e9 uma novidade, trazendo efici\u00eancia ao atendimento. O cidad\u00e3o portuense agora pode agendar seu atendimento on-line, evitando filas e garantindo agilidade. Ser\u00e3o 11 \u00f3rg\u00e3os oferecendo cerca de 200 servi\u00e7os\u201d, informou Elissa Moara.<\/p>\n\n\n\n<p>\u201cEstamos muito felizes com a chegada do PronTO aqui em Porto Nacional, pois vai facilitar muito a vida da popula\u00e7\u00e3o. Muitas pessoas n\u00e3o t\u00eam transporte para ir a Palmas. Com 11 \u00f3rg\u00e3os reunidos em um s\u00f3 lugar, teremos acesso a v\u00e1rios servi\u00e7os sem precisar sair da cidade. Isso vai ajudar muito o povo, principalmente quem mais precisa, tornando tudo mais pr\u00e1tico e acess\u00edvel\u201d, completou Silvaneide Fernandes, moradora de Porto Nacional.<\/p>\n\n\n\n<p>Com o objetivo de otimizar o atendimento ao cidad\u00e3o, garantindo que ele tenha acesso a mais de 200 servi\u00e7os p\u00fablicos em um \u00fanico local, a nova sede do PronTO, localizada na Rua Ant\u00f4nio Aires Primo, n\u00b0 2.597, oferece servi\u00e7os essenciais da: Ag\u00eancia de Defesa Agropecu\u00e1ria (Adapec); do Departamento Estadual de Tr\u00e2nsito (Detran); da Secretaria de Estado das Cidades, Habita\u00e7\u00e3o e Desenvolvimento Regional (Secihd); da Ag\u00eancia de Fomento; da Secretaria de Estado da Cidadania e Justi\u00e7a (Seciju); da Secretaria de Estado da Fazenda (Sefaz); da Secretaria de Estado do Trabalho e Desenvolvimento Social (Setas); da Secretaria de Estado da Seguran\u00e7a P\u00fablica (SSP); da Secretaria de Estado da Sa\u00fade (SES); do Instituto de Desenvolvimento Rural do Tocantins (Ruraltins) e do Servir.<\/p>\n\n\n\n<p><strong>Inaugura\u00e7\u00e3o de leitos<\/strong><\/p>\n\n\n\n<p>Na ocasi\u00e3o, o governador do Tocantins, Wanderlei Barbosa, tamb\u00e9m inaugurou dois leitos pr\u00e9-parto no hospital Materno Infantil Tia Ded\u00e9, que foram ampliados e reestruturados. O hospital \u00e9 refer\u00eancia no Tocantins, por realizar cerca de 2 mil atendimentos e mais de 150 partos mensais, beneficiando toda a regi\u00e3o de sa\u00fade Amor Perfeito.<\/p>\n\n\n\n<p>O secret\u00e1rio de Estado da Sa\u00fade, Carlos Felinto Junior, destacou que os dois leitos foram reestruturados e receberam novos equipamentos. \u201cHoje, entregamos dois leitos pr\u00e9-parto que foram reestruturados, com equipamentos novos colocados \u00e0 disposi\u00e7\u00e3o da nossa comunidade. A sa\u00fade \u00e9 uma prioridade do nosso governador e estamos trabalhando firme para entregar o melhor atendimento a nossa popula\u00e7\u00e3o\u201d, afirmou Carlos Felinto.<\/p>\n\n\n\n<p><img src=\"https:\/\/central.to.gov.br\/image\/389699?w=670&amp;h=383\"><\/p>\n\n\n\n<p>Diretora de Suporte ao PronTO, Elissa Moara Ribeiro, explica os benef\u00edcios do novo sistema de atendimento ao cidad\u00e3o em Porto Nacional &#8211; Esequias Araujo\/Governo do Tocantins&nbsp;<a href=\"https:\/\/central.to.gov.br\/image\/389699?f=1\" target=\"_blank\" rel=\"noreferrer noopener\"><em>file_download<\/em><\/a><\/p>\n\n\n\n<p><img src=\"https:\/\/central.to.gov.br\/image\/389698?w=670&amp;h=383\"><\/p>\n\n\n\n<p>O hospital \u00e9 refer\u00eancia no Tocantins, por realizar cerca de 2 mil atendimentos e mais de 150 partos mensais, beneficiando toda a regi\u00e3o de sa\u00fade Amor Perfeito &#8211; Esequias Araujo\/Governo do Tocantins&nbsp;<a href=\"https:\/\/central.to.gov.br\/image\/389698?f=1\" target=\"_blank\" rel=\"noreferrer noopener\"><em>file_download<\/em><\/a><\/p>\n\n\n\n<p><img src=\"https:\/\/central.to.gov.br\/image\/389697?w=670&amp;h=383\"><\/p>\n\n\n\n<p>O secret\u00e1rio da Sa\u00fade, Carlos Felinto Junior, fala sobre a reestrutura\u00e7\u00e3o dos leitos pr\u00e9-parto no Hospital Materno Infantil Tia Ded\u00e9 &#8211; Esequias Araujo\/Governo do Tocantins&nbsp;<a href=\"https:\/\/central.to.gov.br\/image\/389697?f=1\" target=\"_blank\" rel=\"noreferrer noopener\"><em>file_download<\/em><\/a><\/p>\n\n\n\n<p><img src=\"https:\/\/central.to.gov.br\/image\/389696?w=670&amp;h=383\"><\/p>\n\n\n\n<p>Novos leitos pr\u00e9-parto do Hospital Materno Infantil Tia Ded\u00e9, agora com estrutura ampliada e revitalizada &#8211; Esequias Araujo\/Governo do Tocantins&nbsp;<a href=\"https:\/\/central.to.gov.br\/image\/389696?f=1\" target=\"_blank\" rel=\"noreferrer noopener\"><em>file_download<\/em><\/a><\/p>\n\n\n\n<p><img src=\"https:\/\/central.to.gov.br\/image\/389695?w=670&amp;h=383\"><\/p>\n\n\n\n<p>Governador Wanderlei Barbosa e equipe durante a entrega dos novos leitos pr\u00e9-parto no Hospital Materno Infantil Tia Ded\u00e9 &#8211; Esequias Araujo\/Governo do Tocantins&nbsp;<a href=\"https:\/\/central.to.gov.br\/image\/389695?f=1\" target=\"_blank\" rel=\"noreferrer noopener\"><em>file_download<\/em><\/a><\/p>\n\n\n\n<p><img src=\"https:\/\/central.to.gov.br\/image\/389694?w=670&amp;h=383\"><\/p>\n\n\n\n<p>Moradora de Porto Nacional, Silvaneide Fernandes, comemora a chegada do PronTO, que facilita o acesso a servi\u00e7os p\u00fablicos na cidade &#8211; Esequias Araujo\/Governo do Tocantins&nbsp;<a href=\"https:\/\/central.to.gov.br\/image\/389694?f=1\" target=\"_blank\" rel=\"noreferrer noopener\"><em>file_download<\/em><\/a><\/p>\n\n\n\n<p><img src=\"https:\/\/central.to.gov.br\/image\/389692?w=670&amp;h=383\"><\/p>\n\n\n\n<p>Secret\u00e1rio de Estado da Administra\u00e7\u00e3o, Paulo C\u00e9sar Benfica Filho, destaca a import\u00e2ncia da centraliza\u00e7\u00e3o dos servi\u00e7os p\u00fablicos &#8211; Esequias Araujo\/Governo do Tocantins&nbsp;<a href=\"https:\/\/central.to.gov.br\/image\/389692?f=1\" target=\"_blank\" rel=\"noreferrer noopener\"><em>file_download<\/em><\/a><\/p>\n\n\n\n<p><img src=\"https:\/\/central.to.gov.br\/image\/389691?w=670&amp;h=383\"><\/p>\n\n\n\n<p>Em seu discurso, o chefe do Executivo destacou que a nova unidade do PronTO vai trazer mais praticidade e agilidade no atendimento ao p\u00fablico &#8211; Esequias Araujo\/Governo do Tocantins&nbsp;<a href=\"https:\/\/central.to.gov.br\/image\/389691?f=1\" target=\"_blank\" rel=\"noreferrer noopener\"><em>file_download<\/em><\/a><\/p>\n\n\n\n<p><img src=\"https:\/\/central.to.gov.br\/image\/389693?w=670&amp;h=383\"><\/p>\n\n\n\n<p>O PronTO \u00e9 um programa de atendimento ao cidad\u00e3o do Governo do Estado, por meio da Secretaria da Administra\u00e7\u00e3o (Secad) &#8211; Esequias Araujo\/Governo do Tocantins&nbsp;<a href=\"https:\/\/central.to.gov.br\/image\/389693?f=1\" target=\"_blank\" rel=\"noreferrer noopener\"><em>file_download<\/em><\/a><a href=\"javascript:\"><em>keyboard_arrow_up<\/em><\/a><\/p>\n","protected":false},"excerpt":{"rendered":"<p>O governador do Tocantins, Wanderlei Barbosa, acompanhado do secret\u00e1rio de Estado da Administra\u00e7\u00e3o, Paulo C\u00e9sar Benfica Filho, inaugurou na tarde desta segunda-feira, 19, a nova unidade do Servi\u00e7o de Atendimento ao Cidad\u00e3o (PronTO) em Porto Nacional. A unidade tem como objetivo centralizar os servi\u00e7os de 11 \u00f3rg\u00e3os estaduais, proporcionando mais comodidade e efici\u00eancia aos cidad\u00e3os [&hellip;]<\/p>\n","protected":false},"author":2,"featured_media":20489,"comment_status":"open","ping_status":"open","sticky":false,"template":"","format":"standard","meta":[],"categories":[3],"tags":[13],"_links":{"self":[{"href":"https:\/\/dgospel.com.br\/portal\/index.php\/wp-json\/wp\/v2\/posts\/20488"}],"collection":[{"href":"https:\/\/dgospel.com.br\/portal\/index.php\/wp-json\/wp\/v2\/posts"}],"about":[{"href":"https:\/\/dgospel.com.br\/portal\/index.php\/wp-json\/wp\/v2\/types\/post"}],"author":[{"embeddable":true,"href":"https:\/\/dgospel.com.br\/portal\/index.php\/wp-json\/wp\/v2\/users\/2"}],"replies":[{"embeddable":true,"href":"https:\/\/dgospel.com.br\/portal\/index.php\/wp-json\/wp\/v2\/comments?post=20488"}],"version-history":[{"count":1,"href":"https:\/\/dgospel.com.br\/portal\/index.php\/wp-json\/wp\/v2\/posts\/20488\/revisions"}],"predecessor-version":[{"id":20490,"href":"https:\/\/dgospel.com.br\/portal\/index.php\/wp-json\/wp\/v2\/posts\/20488\/revisions\/20490"}],"wp:featuredmedia":[{"embeddable":true,"href":"https:\/\/dgospel.com.br\/portal\/index.php\/wp-json\/wp\/v2\/media\/20489"}],"wp:attachment":[{"href":"https:\/\/dgospel.com.br\/portal\/index.php\/wp-json\/wp\/v2\/media?parent=20488"}],"wp:term":[{"taxonomy":"category","embeddable":true,"href":"https:\/\/dgospel.com.br\/portal\/index.php\/wp-json\/wp\/v2\/categories?post=20488"},{"taxonomy":"post_tag","embeddable":true,"href":"https:\/\/dgospel.com.br\/portal\/index.php\/wp-json\/wp\/v2\/tags?post=20488"}],"curies":[{"name":"wp","href":"https:\/\/api.w.org\/{rel}","templated":true}]}}