{"id":20494,"date":"2024-08-21T11:29:01","date_gmt":"2024-08-21T14:29:01","guid":{"rendered":"https:\/\/dgospel.com.br\/portal\/?p=20494"},"modified":"2024-08-21T11:29:03","modified_gmt":"2024-08-21T14:29:03","slug":"secad-participa-de-mais-uma-edicao-do-consad-e-apresenta-artigos-sobre-temas-que-abrangem-desde-o-acolhimento-humanizado-ate-a-inclusao-de-criancas-autistas","status":"publish","type":"post","link":"https:\/\/dgospel.com.br\/portal\/index.php\/2024\/08\/21\/secad-participa-de-mais-uma-edicao-do-consad-e-apresenta-artigos-sobre-temas-que-abrangem-desde-o-acolhimento-humanizado-ate-a-inclusao-de-criancas-autistas\/","title":{"rendered":"Secad participa de mais uma edi\u00e7\u00e3o do Consad e apresenta artigos sobre temas que abrangem desde o acolhimento humanizado at\u00e9 a inclus\u00e3o de crian\u00e7as autistas"},"content":{"rendered":"\n<p>O Governo do Tocantins, por meio da Secretaria de Estado da Administra\u00e7\u00e3o (Secad), entre os dias 20 e 22 deste m\u00eas, marca presen\u00e7a no XIII Congresso Consad de Gest\u00e3o P\u00fablica, realizado em Bras\u00edlia-DF. Durante o evento, a Pasta apresentar\u00e1 tr\u00eas artigos. O evento \u00e9 realizado pelo Conselho Nacional de Secret\u00e1rios de Administra\u00e7\u00e3o (Consad).&nbsp;<\/p>\n\n\n\n<p>&nbsp;No dia 20, o primeiro artigo da Secad a ser apresentado foi o intitulado de \u201cPesquisa e Inova\u00e7\u00e3o Respons\u00e1veis: Um estudo sobre sua aplica\u00e7\u00e3o pela Uni\u00e3o Europeia\u201d, documento que teve como pessoa respons\u00e1vel, a servidora Maria Eunice, coordenadora pedag\u00f3gica na Escola de Governo do Tocantins (Egov).&nbsp;<\/p>\n\n\n\n<p>J\u00e1 os dois outros trabalhos s\u00e3o de autoria dos servidores atuantes na Junta M\u00e9dica Oficial do Estado do Tocantins (JMOE), sendo um deles denominado de \u201cAcolhimento Pericial: uma pr\u00e1tica de escuta humanizada frente ao afastamento de servidores em sofrimento&#8221;, que teve como representante o Psic\u00f3logo Fl\u00e1vio Barros. J\u00e1 o outro artigo \u00e9 o \u201cPromovendo Inclus\u00e3o: O Impacto do Espa\u00e7o Azul na Experi\u00eancia de Crian\u00e7as Autistas na Junta M\u00e9dica Oficial do Estado do Tocantins\u201d, que contou com a colabora\u00e7\u00e3o do gestor da Secad, Paulo C\u00e9sar Benfica Filho. Esses 2 \u00faltimos ser\u00e3o apresentados na manh\u00e3 do pr\u00f3ximo dia 22.<\/p>\n\n\n\n<p>&nbsp;A servidora Maria Eunice destacou a import\u00e2ncia da participa\u00e7\u00e3o da Egov\/TO no congresso. \u201cApresentar uma pesquisa de inova\u00e7\u00e3o para os gestores p\u00fablicos \u00e9 fundamental para que a gente possa d\u00e1 andamento \u00e0s pol\u00edticas p\u00fablicas com engajamento da sociedade civil, gestores p\u00fablicos, e pesquisadores e professores, e desse modo contribuir com a gest\u00e3o na forma\u00e7\u00e3o continuada dos servidores estaduais. N\u00f3s da Escola de Governo do Tocantins estamos muito felizes com a participa\u00e7\u00e3o no XIII Consad e poder contribuir para a gest\u00e3o\u201d, frisou.&nbsp;<\/p>\n\n\n\n<p>&nbsp;Ao todo, estima-se que mais de 190 trabalhos (de todo o Brasil) sejam apresentados no Congresso.<\/p>\n\n\n\n<p>Para o secret\u00e1rio da Administra\u00e7\u00e3o, Paulo C\u00e9sar Benfica Filho, o evento est\u00e1 sendo uma oportunidade \u00edmpar para a troca experi\u00eancias e aprendizados com outras realidades. \u201cA participa\u00e7\u00e3o da Secad no XIII CONSAD refor\u00e7a nosso compromisso com a inova\u00e7\u00e3o e a humaniza\u00e7\u00e3o na gest\u00e3o p\u00fablica. Os artigos apresentados por nossos servidores destacaram o empenho do Tocantins em liderar com responsabilidade e sensibilidade\u201d, destaca Paulo C\u00e9sar.&nbsp;<\/p>\n\n\n\n<p><strong>&nbsp;Consad<\/strong><\/p>\n\n\n\n<p>&nbsp;O Conselho Nacional de Secret\u00e1rios de Estado da Administra\u00e7\u00e3o (Consad) \u00e9 uma entidade de direito privado, sem fins lucrativos, com sede em Bras\u00edlia (Distrito Federal), criada em novembro de 2000, que re\u00fane representantes de todos os estados brasileiros e do Distrito Federal. Os Secret\u00e1rios de Estado de Administra\u00e7\u00e3o do Pa\u00eds promovem encontros peri\u00f3dicos, visando \u00e0 troca de experi\u00eancias e \u00e0 busca de solu\u00e7\u00f5es criativas para o aperfei\u00e7oamento da gest\u00e3o p\u00fablica no Brasil.&nbsp;<\/p>\n\n\n\n<p>\u00a0O foco do Consad em todas as suas frentes de trabalho tem sido pensar modelos de gest\u00e3o p\u00fablica com foco em resultados e voltados para o bom atendimento ao cidad\u00e3o. Um colegiado que se fortaleceu ao longo dos anos, pautado por um ambiente de trabalho plural, multipartid\u00e1rio, e por isso mesmo prop\u00edcio ao debate e ao desenvolvimento da administra\u00e7\u00e3o p\u00fablica estadual, mantendo espa\u00e7os permanentes de troca de experi\u00eancias e de discuss\u00e3o sobre boas pr\u00e1ticas de gest\u00e3o p\u00fablica. \u00a0<\/p>\n\n\n\n<p><img src=\"https:\/\/central.to.gov.br\/image\/389818?w=670&amp;h=383\"><\/p>\n\n\n\n<p>Participando do GT de Escola de Governo a servidora da Secad, Maria Eunice, frisou o importante papel da educa\u00e7\u00e3o para o futuro &#8211; Governo do Tocantins&nbsp;<a href=\"https:\/\/central.to.gov.br\/image\/389818?f=1\" target=\"_blank\" rel=\"noreferrer noopener\"><em>file_download<\/em><\/a><\/p>\n\n\n\n<p><img src=\"https:\/\/central.to.gov.br\/image\/389819?w=670&amp;h=383\"><\/p>\n\n\n\n<p>Secret\u00e1rio da Administra\u00e7\u00e3o, Paulo C\u00e9sar Benfica Filho, destacou a vanguarda do Tocantins na transforma\u00e7\u00e3o digital &#8211; Governo do Tocantins&nbsp;<a href=\"https:\/\/central.to.gov.br\/image\/389819?f=1\" target=\"_blank\" rel=\"noreferrer noopener\"><em>file_download<\/em><\/a><a href=\"javascript:\"><em>keyboard_arrow_up<\/em><\/a><\/p>\n","protected":false},"excerpt":{"rendered":"<p>O Governo do Tocantins, por meio da Secretaria de Estado da Administra\u00e7\u00e3o (Secad), entre os dias 20 e 22 deste m\u00eas, marca presen\u00e7a no XIII Congresso Consad de Gest\u00e3o P\u00fablica, realizado em Bras\u00edlia-DF. Durante o evento, a Pasta apresentar\u00e1 tr\u00eas artigos. O evento \u00e9 realizado pelo Conselho Nacional de Secret\u00e1rios de Administra\u00e7\u00e3o (Consad).&nbsp; &nbsp;No dia [&hellip;]<\/p>\n","protected":false},"author":2,"featured_media":20495,"comment_status":"open","ping_status":"open","sticky":false,"template":"","format":"standard","meta":[],"categories":[3],"tags":[13],"_links":{"self":[{"href":"https:\/\/dgospel.com.br\/portal\/index.php\/wp-json\/wp\/v2\/posts\/20494"}],"collection":[{"href":"https:\/\/dgospel.com.br\/portal\/index.php\/wp-json\/wp\/v2\/posts"}],"about":[{"href":"https:\/\/dgospel.com.br\/portal\/index.php\/wp-json\/wp\/v2\/types\/post"}],"author":[{"embeddable":true,"href":"https:\/\/dgospel.com.br\/portal\/index.php\/wp-json\/wp\/v2\/users\/2"}],"replies":[{"embeddable":true,"href":"https:\/\/dgospel.com.br\/portal\/index.php\/wp-json\/wp\/v2\/comments?post=20494"}],"version-history":[{"count":1,"href":"https:\/\/dgospel.com.br\/portal\/index.php\/wp-json\/wp\/v2\/posts\/20494\/revisions"}],"predecessor-version":[{"id":20496,"href":"https:\/\/dgospel.com.br\/portal\/index.php\/wp-json\/wp\/v2\/posts\/20494\/revisions\/20496"}],"wp:featuredmedia":[{"embeddable":true,"href":"https:\/\/dgospel.com.br\/portal\/index.php\/wp-json\/wp\/v2\/media\/20495"}],"wp:attachment":[{"href":"https:\/\/dgospel.com.br\/portal\/index.php\/wp-json\/wp\/v2\/media?parent=20494"}],"wp:term":[{"taxonomy":"category","embeddable":true,"href":"https:\/\/dgospel.com.br\/portal\/index.php\/wp-json\/wp\/v2\/categories?post=20494"},{"taxonomy":"post_tag","embeddable":true,"href":"https:\/\/dgospel.com.br\/portal\/index.php\/wp-json\/wp\/v2\/tags?post=20494"}],"curies":[{"name":"wp","href":"https:\/\/api.w.org\/{rel}","templated":true}]}}