{"id":20497,"date":"2024-08-21T11:32:51","date_gmt":"2024-08-21T14:32:51","guid":{"rendered":"https:\/\/dgospel.com.br\/portal\/?p=20497"},"modified":"2024-08-21T11:32:52","modified_gmt":"2024-08-21T14:32:52","slug":"queimadas-na-amazonia-atingem-pior-numero-dos-ultimos-17-anos","status":"publish","type":"post","link":"https:\/\/dgospel.com.br\/portal\/index.php\/2024\/08\/21\/queimadas-na-amazonia-atingem-pior-numero-dos-ultimos-17-anos\/","title":{"rendered":"Queimadas na Amaz\u00f4nia atingem pior n\u00famero dos \u00faltimos 17 anos"},"content":{"rendered":"\n<p>O ano de 2024 est\u00e1 sendo hist\u00f3rico para a&nbsp;<a href=\"http:\/\/pleno.news\/tag\/amazonia\" target=\"_blank\" rel=\"noreferrer noopener\">Amaz\u00f4nia<\/a>, mas por uma raz\u00e3o negativa. O maior bioma brasileiro registrou de janeiro at\u00e9 agosto deste ano o pior n\u00famero de focos de queimadas dos \u00faltimos 17 anos. S\u00e3o 59 mil pontos de fogo nos primeiros sete meses e 20 dias do ano, n\u00famero que ainda ser\u00e1 ampliado, j\u00e1 que faltam 10 dias para o oitavo m\u00eas do ano acabar.<\/p>\n\n\n\n<p>Com o intenso n\u00famero de queimadas, um \u201ccorredor de fuma\u00e7a\u201d tem se espalhado pelo Brasil e j\u00e1 atinge estados como Rio Grande do Sul, Santa Catarina, Mato Grosso do Sul, Mato Grosso, Acre, Rond\u00f4nia, Paran\u00e1, Minas Gerais, S\u00e3o Paulo e Amazonas.<\/p>\n\n\n\n<p>Somente na Amaz\u00f4nia Legal, j\u00e1 foram registrados mais de 22 mil focos de inc\u00eandio no m\u00eas de agosto, quase o dobro do mesmo per\u00edodo do ano passado, quando o n\u00famero era de 12 mil. Segundo o Centro Nacional de Monitoramento e Alertas de Desastres Naturais (Cemaden), h\u00e1 mais de mil cidades em situa\u00e7\u00e3o de estiagem, variando de severa a moderada.<\/p>\n\n\n\n<p>No per\u00edodo entre 1\u00b0 de janeiro e 20 de agosto, o n\u00famero de queimadas neste ano aumentou 73% na compara\u00e7\u00e3o com 2023. No ano passado, foram 35.132 focos nesse per\u00edodo, enquanto que neste ano a quantidade saltou para 60.767.<\/p>\n\n\n\n<p>Durante o governo do ex-presidente Jair Bolsonaro (PL), o menor n\u00famero de queimadas at\u00e9 o dia 20 de agosto foi registrado em 2022 (40.082), enquanto que o maior foi em 2019 (53.117).<\/p>\n","protected":false},"excerpt":{"rendered":"<p>O ano de 2024 est\u00e1 sendo hist\u00f3rico para a&nbsp;Amaz\u00f4nia, mas por uma raz\u00e3o negativa. O maior bioma brasileiro registrou de janeiro at\u00e9 agosto deste ano o pior n\u00famero de focos de queimadas dos \u00faltimos 17 anos. S\u00e3o 59 mil pontos de fogo nos primeiros sete meses e 20 dias do ano, n\u00famero que ainda ser\u00e1 [&hellip;]<\/p>\n","protected":false},"author":2,"featured_media":20498,"comment_status":"open","ping_status":"open","sticky":false,"template":"","format":"standard","meta":[],"categories":[4],"tags":[],"_links":{"self":[{"href":"https:\/\/dgospel.com.br\/portal\/index.php\/wp-json\/wp\/v2\/posts\/20497"}],"collection":[{"href":"https:\/\/dgospel.com.br\/portal\/index.php\/wp-json\/wp\/v2\/posts"}],"about":[{"href":"https:\/\/dgospel.com.br\/portal\/index.php\/wp-json\/wp\/v2\/types\/post"}],"author":[{"embeddable":true,"href":"https:\/\/dgospel.com.br\/portal\/index.php\/wp-json\/wp\/v2\/users\/2"}],"replies":[{"embeddable":true,"href":"https:\/\/dgospel.com.br\/portal\/index.php\/wp-json\/wp\/v2\/comments?post=20497"}],"version-history":[{"count":1,"href":"https:\/\/dgospel.com.br\/portal\/index.php\/wp-json\/wp\/v2\/posts\/20497\/revisions"}],"predecessor-version":[{"id":20499,"href":"https:\/\/dgospel.com.br\/portal\/index.php\/wp-json\/wp\/v2\/posts\/20497\/revisions\/20499"}],"wp:featuredmedia":[{"embeddable":true,"href":"https:\/\/dgospel.com.br\/portal\/index.php\/wp-json\/wp\/v2\/media\/20498"}],"wp:attachment":[{"href":"https:\/\/dgospel.com.br\/portal\/index.php\/wp-json\/wp\/v2\/media?parent=20497"}],"wp:term":[{"taxonomy":"category","embeddable":true,"href":"https:\/\/dgospel.com.br\/portal\/index.php\/wp-json\/wp\/v2\/categories?post=20497"},{"taxonomy":"post_tag","embeddable":true,"href":"https:\/\/dgospel.com.br\/portal\/index.php\/wp-json\/wp\/v2\/tags?post=20497"}],"curies":[{"name":"wp","href":"https:\/\/api.w.org\/{rel}","templated":true}]}}