{"id":20500,"date":"2024-08-22T22:20:49","date_gmt":"2024-08-23T01:20:49","guid":{"rendered":"https:\/\/dgospel.com.br\/portal\/?p=20500"},"modified":"2024-08-22T22:21:57","modified_gmt":"2024-08-23T01:21:57","slug":"deputado-gipao-manifesta-apoio-ao-gonvernador-wanderlei-e-enaltece-sua-gestao","status":"publish","type":"post","link":"https:\/\/dgospel.com.br\/portal\/index.php\/2024\/08\/22\/deputado-gipao-manifesta-apoio-ao-gonvernador-wanderlei-e-enaltece-sua-gestao\/","title":{"rendered":"Deputado Gip\u00e3o manifesta apoio ao governador Wanderlei e enaltece sua gest\u00e3o"},"content":{"rendered":"\n<p>Deputado estadual Gip\u00e3o (PL) divulgou nota referente \u00e0 opera\u00e7\u00e3o FAMES-19, da Pol\u00edcia Federal, destacando seu apoio ao governador, Wanderlei Barbosa, e o comprometimento da atual gest\u00e3o com o povo tocantinense.<\/p>\n\n\n\n<p>\u201cA cada dia que passa, notamos o respeito e considera\u00e7\u00e3o que o governador Wanderlei Barbosa tem pela alian\u00e7a feita com o povo do nosso estado. Tenho acompanhado os notici\u00e1rios da opera\u00e7\u00e3o policial e analisado a tranquilidade e coopera\u00e7\u00e3o para com a justi\u00e7a por parte do chefe do executivo, acredito em sua idoneidade, e que a estabilidade do nosso estado deve ser preservada, para que possamos continuar avan\u00e7ando\u201d, disse o parlamentar que ainda enalteceu a gest\u00e3o: \u201cOs dados oficiais n\u00e3o mentem, a gest\u00e3o estadual \u00e9 positiva, contemplando os mais diversos segmentos da sociedade, tudo isso sob a gest\u00e3o de um governador acess\u00edvel, atencioso e trabalhador\u201d, completou.<\/p>\n\n\n\n<p>Gip\u00e3o tamb\u00e9m citou o papel da justi\u00e7a, que, segundo ele, deve preservar a imparcialidade: \u201cOs \u00f3rg\u00e3os competentes devem cumprir seu papel de investigar de forma imparcial e com a celeridade necess\u00e1ria\u201d, refor\u00e7ou.<\/p>\n\n\n\n<p><strong>Confira a nota na \u00edntegra:<\/strong><\/p>\n\n\n\n<p><em>A cada dia que passa, notamos o respeito e considera\u00e7\u00e3o que o governador Wanderlei Barbosa tem pela alian\u00e7a feita com o povo do nosso estado. Tenho acompanhado os notici\u00e1rios da opera\u00e7\u00e3o policial e analisado a tranquilidade e coopera\u00e7\u00e3o para com a justi\u00e7a por parte do chefe do executivo, acredito em sua idoneidade, e que a estabilidade do nosso estado deve ser preservada, para que possamos continuar avan\u00e7ando.<\/em><\/p>\n\n\n\n<p><em>A presun\u00e7\u00e3o, constitucional, de inoc\u00eancia deve ser mantida, sempre. Os \u00f3rg\u00e3os competentes devem cumprir seu papel de investigar de forma imparcial e com a celeridade necess\u00e1ria.<\/em><\/p>\n\n\n\n<p><em>Os dados oficiais n\u00e3o mentem, a gest\u00e3o estadual \u00e9 positiva, contemplando os mais diversos segmentos da sociedade, tudo isso sob a gest\u00e3o de um governador acess\u00edvel, atencioso e trabalhador.<\/em><\/p>\n\n\n\n<p><em>Gip\u00e3o \u2013 Deputado Estadual (PL).<\/em><\/p>\n","protected":false},"excerpt":{"rendered":"<p>Deputado estadual Gip\u00e3o (PL) divulgou nota referente \u00e0 opera\u00e7\u00e3o FAMES-19, da Pol\u00edcia Federal, destacando seu apoio ao governador, Wanderlei Barbosa, e o comprometimento da atual gest\u00e3o com o povo tocantinense. \u201cA cada dia que passa, notamos o respeito e considera\u00e7\u00e3o que o governador Wanderlei Barbosa tem pela alian\u00e7a feita com o povo do nosso estado. [&hellip;]<\/p>\n","protected":false},"author":2,"featured_media":20501,"comment_status":"open","ping_status":"open","sticky":false,"template":"","format":"standard","meta":[],"categories":[4],"tags":[],"_links":{"self":[{"href":"https:\/\/dgospel.com.br\/portal\/index.php\/wp-json\/wp\/v2\/posts\/20500"}],"collection":[{"href":"https:\/\/dgospel.com.br\/portal\/index.php\/wp-json\/wp\/v2\/posts"}],"about":[{"href":"https:\/\/dgospel.com.br\/portal\/index.php\/wp-json\/wp\/v2\/types\/post"}],"author":[{"embeddable":true,"href":"https:\/\/dgospel.com.br\/portal\/index.php\/wp-json\/wp\/v2\/users\/2"}],"replies":[{"embeddable":true,"href":"https:\/\/dgospel.com.br\/portal\/index.php\/wp-json\/wp\/v2\/comments?post=20500"}],"version-history":[{"count":2,"href":"https:\/\/dgospel.com.br\/portal\/index.php\/wp-json\/wp\/v2\/posts\/20500\/revisions"}],"predecessor-version":[{"id":20503,"href":"https:\/\/dgospel.com.br\/portal\/index.php\/wp-json\/wp\/v2\/posts\/20500\/revisions\/20503"}],"wp:featuredmedia":[{"embeddable":true,"href":"https:\/\/dgospel.com.br\/portal\/index.php\/wp-json\/wp\/v2\/media\/20501"}],"wp:attachment":[{"href":"https:\/\/dgospel.com.br\/portal\/index.php\/wp-json\/wp\/v2\/media?parent=20500"}],"wp:term":[{"taxonomy":"category","embeddable":true,"href":"https:\/\/dgospel.com.br\/portal\/index.php\/wp-json\/wp\/v2\/categories?post=20500"},{"taxonomy":"post_tag","embeddable":true,"href":"https:\/\/dgospel.com.br\/portal\/index.php\/wp-json\/wp\/v2\/tags?post=20500"}],"curies":[{"name":"wp","href":"https:\/\/api.w.org\/{rel}","templated":true}]}}