{"id":20519,"date":"2024-08-27T11:49:57","date_gmt":"2024-08-27T14:49:57","guid":{"rendered":"https:\/\/dgospel.com.br\/portal\/?p=20519"},"modified":"2024-08-27T11:49:58","modified_gmt":"2024-08-27T14:49:58","slug":"reviravolta-perito-diz-que-filho-de-moraes-agrediu-mantovani","status":"publish","type":"post","link":"https:\/\/dgospel.com.br\/portal\/index.php\/2024\/08\/27\/reviravolta-perito-diz-que-filho-de-moraes-agrediu-mantovani\/","title":{"rendered":"Reviravolta: Perito diz que filho de Moraes agrediu Mantovani"},"content":{"rendered":"\n<p>Um laudo t\u00e9cnico produzido pelo professor Ricardo Molina de Figueiredo constatou que Alexandre Barci, filho do ministro Alexandre de Moraes, do Supremo Tribunal Federal (STF), agrediu o empres\u00e1rio Roberto Mantovani com um \u201ctapa na nuca\u201d, em 14 de julho de 2023. O resultado da an\u00e1lise produz uma reviravolta no caso e fragiliza ainda mais o magistrado diante da Justi\u00e7a e da opini\u00e3o p\u00fablica.<\/p>\n\n\n\n<p>O laudo \u00e9 referente \u00e0s imagens da confus\u00e3o entre Moraes, Barci e a fam\u00edlia Mantovani no Aeroporto de Roma.<\/p>\n\n\n\n<p>Ricardo Molina teve de assistir \u00e0s grava\u00e7\u00f5es na sede do STF, na semana passada, acompanhado do advogado Ralph T\u00f3rtima, dois ju\u00edzes auxiliares de Moraes e cinco servidores p\u00fablicos.<\/p>\n\n\n\n<p>A fam\u00edlia Mantovani vem sendo acusada de agress\u00e3o a Barci, por parte do ministro, h\u00e1 mais de um ano. S\u00f3 agora, atrav\u00e9s desta per\u00edcia, elementos in\u00e9ditos emergem.<\/p>\n\n\n\n<p>\u2013 Na forma como as imagens 59-61 foram apresentadas no relat\u00f3rio n\u00ba 004\/23 tem-se uma ideia falsa do que realmente ocorreu \u2013 disse Molina no documento.<\/p>\n\n\n\n<p>\u2013 Assistindo o v\u00eddeo diretamente, constatou-se que uma cena anterior \u00e0s mostradas nas imagens 59-61 foi suprimida. Tal cena, de extrema import\u00e2ncia, mostra uma agress\u00e3o praticada por Alexandre Barci contra Roberto Mantovani, consistindo em um tapa na nuca. Houve, portanto, uma agress\u00e3o anterior ao gesto de Roberto Mantovani, o qual, nas imagens de v\u00eddeo levanta o bra\u00e7o em movimento instintivo de defesa, resvalando nos \u00f3culos de Alexandre Barci \u2013 concluiu.<\/p>\n\n\n\n<p>Sobre uma pe\u00e7a da Pol\u00edcia Federal, o perito advertiu que \u201c\u00e9 curioso observar que justamente neste ponto h\u00e1 uma falha na ordem num\u00e9rica das imagens no relat\u00f3rio n\u00ba 004\/23, tendo sido a numera\u00e7\u00e3o das imagens 59 e 60 duplicada\u201d.<\/p>\n\n\n\n<p>\u2013 Ressalte-se que numera\u00e7\u00e3o duplicada refere-se a imagens distintas \u2013 observou o t\u00e9cnico.<\/p>\n\n\n\n<p>\u2013 \u00c9 importante tamb\u00e9m observar que entre a primeira apresenta\u00e7\u00e3o da imagem numerada como \u201960\u2019 e a segunda apresenta\u00e7\u00e3o da imagem numerada como \u201959\u2019 h\u00e1 um intervalo de tempo consider\u00e1vel, como fica evidente na modifica\u00e7\u00e3o do posicionamento das pessoas na cena. Tal intervalo temporal atipicamente estendido ocorreu em fun\u00e7\u00e3o da supress\u00e3o de frames que mostrariam a agress\u00e3o de Alexandre Barci sobre Roberto Mantovani. Tal fato ficaria ainda mais evidente caso tivesse sido preservado o time code. De qualquer modo, se ainda pairar alguma d\u00favida, esta pode ser dirimida com a visualiza\u00e7\u00e3o do v\u00eddeo. Caso tivesse sido permitida aos peritos aqui signat\u00e1rios obter a c\u00f3pia dos v\u00eddeos, ou apenas a captura dos frames de interesse, tal situa\u00e7\u00e3o estaria aqui ilustrada inequivocamente com imagens de boa qualidade.<\/p>\n","protected":false},"excerpt":{"rendered":"<p>Um laudo t\u00e9cnico produzido pelo professor Ricardo Molina de Figueiredo constatou que Alexandre Barci, filho do ministro Alexandre de Moraes, do Supremo Tribunal Federal (STF), agrediu o empres\u00e1rio Roberto Mantovani com um \u201ctapa na nuca\u201d, em 14 de julho de 2023. O resultado da an\u00e1lise produz uma reviravolta no caso e fragiliza ainda mais o [&hellip;]<\/p>\n","protected":false},"author":2,"featured_media":20520,"comment_status":"open","ping_status":"open","sticky":false,"template":"","format":"standard","meta":[],"categories":[10],"tags":[],"_links":{"self":[{"href":"https:\/\/dgospel.com.br\/portal\/index.php\/wp-json\/wp\/v2\/posts\/20519"}],"collection":[{"href":"https:\/\/dgospel.com.br\/portal\/index.php\/wp-json\/wp\/v2\/posts"}],"about":[{"href":"https:\/\/dgospel.com.br\/portal\/index.php\/wp-json\/wp\/v2\/types\/post"}],"author":[{"embeddable":true,"href":"https:\/\/dgospel.com.br\/portal\/index.php\/wp-json\/wp\/v2\/users\/2"}],"replies":[{"embeddable":true,"href":"https:\/\/dgospel.com.br\/portal\/index.php\/wp-json\/wp\/v2\/comments?post=20519"}],"version-history":[{"count":1,"href":"https:\/\/dgospel.com.br\/portal\/index.php\/wp-json\/wp\/v2\/posts\/20519\/revisions"}],"predecessor-version":[{"id":20521,"href":"https:\/\/dgospel.com.br\/portal\/index.php\/wp-json\/wp\/v2\/posts\/20519\/revisions\/20521"}],"wp:featuredmedia":[{"embeddable":true,"href":"https:\/\/dgospel.com.br\/portal\/index.php\/wp-json\/wp\/v2\/media\/20520"}],"wp:attachment":[{"href":"https:\/\/dgospel.com.br\/portal\/index.php\/wp-json\/wp\/v2\/media?parent=20519"}],"wp:term":[{"taxonomy":"category","embeddable":true,"href":"https:\/\/dgospel.com.br\/portal\/index.php\/wp-json\/wp\/v2\/categories?post=20519"},{"taxonomy":"post_tag","embeddable":true,"href":"https:\/\/dgospel.com.br\/portal\/index.php\/wp-json\/wp\/v2\/tags?post=20519"}],"curies":[{"name":"wp","href":"https:\/\/api.w.org\/{rel}","templated":true}]}}