{"id":20525,"date":"2024-08-27T12:11:36","date_gmt":"2024-08-27T15:11:36","guid":{"rendered":"https:\/\/dgospel.com.br\/portal\/?p=20525"},"modified":"2024-08-27T12:11:37","modified_gmt":"2024-08-27T15:11:37","slug":"crimes-de-odio-contra-cristaos-aumentam-44-na-europa-mostra-relatorio","status":"publish","type":"post","link":"https:\/\/dgospel.com.br\/portal\/index.php\/2024\/08\/27\/crimes-de-odio-contra-cristaos-aumentam-44-na-europa-mostra-relatorio\/","title":{"rendered":"Crimes de \u00f3dio contra crist\u00e3os aumentam 44% na Europa, mostra relat\u00f3rio"},"content":{"rendered":"\n<p>A viol\u00eancia contra crist\u00e3os n\u00e3o \u00e9 exclusiva da&nbsp;<strong><a href=\"https:\/\/guiame.com.br\/gospel\/missoes-acao-social\/cristaos-sao-alvos-de-ataques-em-28-dos-54-paises-da-africa-diz-relatorio.html\">\u00c1frica<\/a>&nbsp;<\/strong>e da \u00c1sia. O Observat\u00f3rio sobre a Intoler\u00e2ncia e a Discrimina\u00e7\u00e3o contra os Crist\u00e3os na Europa (OIDAC) aponta para uma tend\u00eancia alarmante tamb\u00e9m no continente europeu.<\/p>\n\n\n\n<p>O Observat\u00f3rio de Intoler\u00e2ncia e Discrimina\u00e7\u00e3o contra os Crist\u00e3os na Europa \u00e9 uma organiza\u00e7\u00e3o com sede em Viena que monitora a liberdade religiosa no continente europeu.<\/p>\n\n\n\n<p>No seu \u00faltimo relat\u00f3rio anual, a OIDAC registrou um aumento de 44% nos crimes de \u00f3dio contra crist\u00e3os na Europa.<\/p>\n\n\n\n<p>Em comunicado, a organiza\u00e7\u00e3o destaca a necessidade de aten\u00e7\u00e3o tamb\u00e9m \u00e0 crescente viol\u00eancia no Ocidente, al\u00e9m dos casos dram\u00e1ticos na \u00c1frica e na \u00c1sia:<\/p>\n\n\n\n<p>&#8220;No Ocidente, tendemos a considerar a viol\u00eancia contra crentes religiosos principalmente como um problema de pa\u00edses na \u00c1frica e na \u00c1sia. Embora seja importante destacar esses exemplos dram\u00e1ticos de persegui\u00e7\u00e3o, devemos tamb\u00e9m prestar aten\u00e7\u00e3o ao que est\u00e1 acontecendo na Europa&#8221;, afirma Anja Hoffmann, Diretora Executiva da OIDAC Europa.<\/p>\n\n\n\n<p>A organiza\u00e7\u00e3o constatou que, al\u00e9m da maioria dos ataques serem direcionados a igrejas e cemit\u00e9rios, tamb\u00e9m est\u00e1 crescendo o n\u00famero de agress\u00f5es contra crist\u00e3os individuais em toda a Europa.<\/p>\n\n\n\n<p>Por exemplo, o Minist\u00e9rio do Interior franc\u00eas registrou quase 1.000&nbsp;<strong><a href=\"https:\/\/guiame.com.br\/gospel\/noticias\/europa-registrou-quase-1000-crimes-de-odio-contra-cristaos-em-2020.html\">crimes de \u00f3dio anticrist\u00e3os<\/a><\/strong>&nbsp;em 2023, dos quais 84 foram ataques pessoais contra os crist\u00e3os.<\/p>\n\n\n\n<p>Neste ano, o relat\u00f3rio da OIDAC Europa documentou casos de viol\u00eancia f\u00edsica, amea\u00e7as e at\u00e9 tentativas de assassinato contra crist\u00e3os no&nbsp;<strong><a href=\"https:\/\/guiame.com.br\/gospel\/mundo-cristao\/novas-igrejas-no-reino-unido-estao-abandonando-palavra-igreja-aponta-relatorio.html\">Reino Unido<\/a><\/strong>, Fran\u00e7a, Espanha, It\u00e1lia, Alemanha, \u00c1ustria, Pol\u00f4nia e S\u00e9rvia.<\/p>\n\n\n\n<p>\u00c0s vezes, comunidades inteiras s\u00e3o alvo de viol\u00eancia antirreligiosa. Em junho, por exemplo, uma Igreja Adventista do S\u00e9timo Dia em Dijon foi atacada com g\u00e1s lacrimog\u00eaneo durante um culto, causando p\u00e2nico e ferindo nove pessoas, segundo o relat\u00f3rio da OIDAC.<\/p>\n\n\n\n<p>Segundo a diretora Anja Hoffmann, especialmente os crist\u00e3os convertidos de origem mu\u00e7ulmana s\u00e3o vulner\u00e1veis \u00e0 viol\u00eancia.<\/p>\n\n\n\n<p>Em abril, um tribunal italiano condenou pessoas que agrediram um crist\u00e3o tunisiano convertido. Hoffmann ressalta que o direito de se converter a outra religi\u00e3o \u00e9 \u201cum elemento essencial da liberdade religiosa\u201d. Portanto, ela afirma que os governos europeus devem fazer o m\u00e1ximo para proteger esses crist\u00e3os, \u201cque est\u00e3o em alto risco de viol\u00eancia.\u201d<\/p>\n","protected":false},"excerpt":{"rendered":"<p>A viol\u00eancia contra crist\u00e3os n\u00e3o \u00e9 exclusiva da&nbsp;\u00c1frica&nbsp;e da \u00c1sia. O Observat\u00f3rio sobre a Intoler\u00e2ncia e a Discrimina\u00e7\u00e3o contra os Crist\u00e3os na Europa (OIDAC) aponta para uma tend\u00eancia alarmante tamb\u00e9m no continente europeu. O Observat\u00f3rio de Intoler\u00e2ncia e Discrimina\u00e7\u00e3o contra os Crist\u00e3os na Europa \u00e9 uma organiza\u00e7\u00e3o com sede em Viena que monitora a liberdade [&hellip;]<\/p>\n","protected":false},"author":2,"featured_media":20526,"comment_status":"open","ping_status":"closed","sticky":false,"template":"","format":"standard","meta":[],"categories":[12,16],"tags":[],"_links":{"self":[{"href":"https:\/\/dgospel.com.br\/portal\/index.php\/wp-json\/wp\/v2\/posts\/20525"}],"collection":[{"href":"https:\/\/dgospel.com.br\/portal\/index.php\/wp-json\/wp\/v2\/posts"}],"about":[{"href":"https:\/\/dgospel.com.br\/portal\/index.php\/wp-json\/wp\/v2\/types\/post"}],"author":[{"embeddable":true,"href":"https:\/\/dgospel.com.br\/portal\/index.php\/wp-json\/wp\/v2\/users\/2"}],"replies":[{"embeddable":true,"href":"https:\/\/dgospel.com.br\/portal\/index.php\/wp-json\/wp\/v2\/comments?post=20525"}],"version-history":[{"count":1,"href":"https:\/\/dgospel.com.br\/portal\/index.php\/wp-json\/wp\/v2\/posts\/20525\/revisions"}],"predecessor-version":[{"id":20527,"href":"https:\/\/dgospel.com.br\/portal\/index.php\/wp-json\/wp\/v2\/posts\/20525\/revisions\/20527"}],"wp:featuredmedia":[{"embeddable":true,"href":"https:\/\/dgospel.com.br\/portal\/index.php\/wp-json\/wp\/v2\/media\/20526"}],"wp:attachment":[{"href":"https:\/\/dgospel.com.br\/portal\/index.php\/wp-json\/wp\/v2\/media?parent=20525"}],"wp:term":[{"taxonomy":"category","embeddable":true,"href":"https:\/\/dgospel.com.br\/portal\/index.php\/wp-json\/wp\/v2\/categories?post=20525"},{"taxonomy":"post_tag","embeddable":true,"href":"https:\/\/dgospel.com.br\/portal\/index.php\/wp-json\/wp\/v2\/tags?post=20525"}],"curies":[{"name":"wp","href":"https:\/\/api.w.org\/{rel}","templated":true}]}}