{"id":20528,"date":"2024-08-27T16:21:57","date_gmt":"2024-08-27T19:21:57","guid":{"rendered":"https:\/\/dgospel.com.br\/portal\/?p=20528"},"modified":"2024-08-27T16:21:59","modified_gmt":"2024-08-27T19:21:59","slug":"contra-israel-lula-veste-lenco-palestino-com-a-frase-jerusalem-e-nossa","status":"publish","type":"post","link":"https:\/\/dgospel.com.br\/portal\/index.php\/2024\/08\/27\/contra-israel-lula-veste-lenco-palestino-com-a-frase-jerusalem-e-nossa\/","title":{"rendered":"Contra Israel, Lula veste len\u00e7o palestino com a frase \u2018Jerusal\u00e9m \u00e9 nossa\u2019"},"content":{"rendered":"\n<p>Um grupo de ativistas palestinos no Brasil se encontrou com Lula (PT) e entregou a ele presentes tem\u00e1ticos das bandeiras \u00e1rabes, incluindo um len\u00e7o palestino contra Israel, al\u00e9m de um pedido de rompimento das rela\u00e7\u00f5es com o governo da na\u00e7\u00e3o judaica.<\/p>\n\n\n\n<p>O encontro entre Lula e uma representante do Comit\u00ea Catarinense de Solidariedade ao Povo Palestino Khader Othman ocorreu durante a visita do mandat\u00e1rio a uma obra no entorno de Florian\u00f3polis (SC).<\/p>\n\n\n\n<p>Na ocasi\u00e3o, os ativistas entregaram uma caixa de presentes para agradecer o \u201capoio que o governo [petista] sempre deu ao Povo Palestino\u201d. Entre os presentes estava o len\u00e7o palestino (keffiyeh) com a frase em \u00e1rabe \u201c\u0627\u0644\u0642\u062f\u0633 \u0644\u0646\u0627\u201d, que significa \u201cJerusal\u00e9m \u00e9 nossa\u201d, al\u00e9m da mensagem \u201c<a href=\"https:\/\/noticias.gospelmais.com.br\/palestino-jerusalem-fere-7-mulher-gravida-156750.html\"><strong>N\u00f3s estamos chegando<\/strong><\/a>\u201d.<\/p>\n\n\n\n<p>\u201cNa caixa de presente colocamos uma&nbsp;<em>masbaha<\/em>, uma&nbsp;<em>hata<\/em>, um&nbsp;<em>keffiyeh<\/em>, uma bandeira da Palestina, duas camisetas com estampa e assinatura de Carlos Latuff (uma para o presidente e outra para primeira dama), bottons e tr\u00eas cartas\u201d, diz a publica\u00e7\u00e3o dos ativistas no Instagram.<\/p>\n\n\n\n<p>Uma das cartas era do Movimento Boicote, Desinvestimento e San\u00e7\u00f5es (BDS), um grupo pr\u00f3-palestina que defende o isolamento de Israel a ponto de inviabilizar a exist\u00eancia do pa\u00eds. No documento, um pedido para que o Brasil corte rela\u00e7\u00f5es com o Estado israelense.<\/p>\n\n\n\n<p>\u201cEstamos felizes e honrados pelo privil\u00e9gio e, na ocasi\u00e3o, solicitei ao presidente que ajude a salvar nosso povo do genoc\u00eddio que est\u00e1 sendo brutalmente perpetrado pelo estado sionista de Israel\u201d, pontua a&nbsp;<a href=\"https:\/\/www.instagram.com\/p\/C_BcxMyvJm9\/\">publica\u00e7\u00e3o<\/a>&nbsp;do Comit\u00ea Catarinense.<\/p>\n\n\n\n<p>O encontro de Lula com os ativistas palestinos chegou ao conhecimento das autoridades israelenses. O assessor digital do primeiro-ministro Benjamin Netanyahu, Hananya Naftali, expressou rep\u00fadio atrav\u00e9s das redes sociais:<\/p>\n\n\n\n<p>\u201cO presidente do Brasil Lula acaba de se reunir com um grupo pr\u00f3-palestino e orgulhosamente vestiu um keffiyeh. Lula est\u00e1 muito ocupado se reunindo com radicais para se importar com o futuro do Brasil. Perigoso e vergonhoso!\u201d, alertou Naftali.<\/p>\n\n\n\n<p>A cantora Ana Paula Valad\u00e3o comentou a publica\u00e7\u00e3o de Naftali em reprova\u00e7\u00e3o \u00e0 aproxima\u00e7\u00e3o de Lula com os ativistas palestinos: \u201cT\u00e1 repreendido em nome de Jesus\u201d.<\/p>\n\n\n<div class=\"wp-block-image\">\n<figure class=\"aligncenter\"><a href=\"https:\/\/www.instagram.com\/p\/C_IjQ7pNN92\/\"><img src=\"https:\/\/noticias.gospelmais.com.br\/files\/2024\/08\/hnaftali-ana-paula-valadao-600x576.jpg\" alt=\"\" class=\"wp-image-170577\"\/><\/a><\/figure><\/div>","protected":false},"excerpt":{"rendered":"<p>Um grupo de ativistas palestinos no Brasil se encontrou com Lula (PT) e entregou a ele presentes tem\u00e1ticos das bandeiras \u00e1rabes, incluindo um len\u00e7o palestino contra Israel, al\u00e9m de um pedido de rompimento das rela\u00e7\u00f5es com o governo da na\u00e7\u00e3o judaica. O encontro entre Lula e uma representante do Comit\u00ea Catarinense de Solidariedade ao Povo [&hellip;]<\/p>\n","protected":false},"author":2,"featured_media":20529,"comment_status":"open","ping_status":"open","sticky":false,"template":"","format":"standard","meta":[],"categories":[12,10],"tags":[],"_links":{"self":[{"href":"https:\/\/dgospel.com.br\/portal\/index.php\/wp-json\/wp\/v2\/posts\/20528"}],"collection":[{"href":"https:\/\/dgospel.com.br\/portal\/index.php\/wp-json\/wp\/v2\/posts"}],"about":[{"href":"https:\/\/dgospel.com.br\/portal\/index.php\/wp-json\/wp\/v2\/types\/post"}],"author":[{"embeddable":true,"href":"https:\/\/dgospel.com.br\/portal\/index.php\/wp-json\/wp\/v2\/users\/2"}],"replies":[{"embeddable":true,"href":"https:\/\/dgospel.com.br\/portal\/index.php\/wp-json\/wp\/v2\/comments?post=20528"}],"version-history":[{"count":1,"href":"https:\/\/dgospel.com.br\/portal\/index.php\/wp-json\/wp\/v2\/posts\/20528\/revisions"}],"predecessor-version":[{"id":20530,"href":"https:\/\/dgospel.com.br\/portal\/index.php\/wp-json\/wp\/v2\/posts\/20528\/revisions\/20530"}],"wp:featuredmedia":[{"embeddable":true,"href":"https:\/\/dgospel.com.br\/portal\/index.php\/wp-json\/wp\/v2\/media\/20529"}],"wp:attachment":[{"href":"https:\/\/dgospel.com.br\/portal\/index.php\/wp-json\/wp\/v2\/media?parent=20528"}],"wp:term":[{"taxonomy":"category","embeddable":true,"href":"https:\/\/dgospel.com.br\/portal\/index.php\/wp-json\/wp\/v2\/categories?post=20528"},{"taxonomy":"post_tag","embeddable":true,"href":"https:\/\/dgospel.com.br\/portal\/index.php\/wp-json\/wp\/v2\/tags?post=20528"}],"curies":[{"name":"wp","href":"https:\/\/api.w.org\/{rel}","templated":true}]}}