{"id":20537,"date":"2024-08-27T16:52:51","date_gmt":"2024-08-27T19:52:51","guid":{"rendered":"https:\/\/dgospel.com.br\/portal\/?p=20537"},"modified":"2024-08-27T16:52:52","modified_gmt":"2024-08-27T19:52:52","slug":"evangelicos-protestam-contra-perseguicao-e-ataques-no-mexico","status":"publish","type":"post","link":"https:\/\/dgospel.com.br\/portal\/index.php\/2024\/08\/27\/evangelicos-protestam-contra-perseguicao-e-ataques-no-mexico\/","title":{"rendered":"Evang\u00e9licos protestam contra persegui\u00e7\u00e3o e ataques no M\u00e9xico"},"content":{"rendered":"\n<p>Recentemente, os \u00faltimos protestantes em uma comunidade ind\u00edgena no&nbsp;<a href=\"https:\/\/guiame.com.br\/tudo-sobre?tag=m%C3%A9xico\"><strong>M\u00e9xico<\/strong><\/a>, onde o catolicismo \u00e9 a \u00fanica religi\u00e3o permitida, foram for\u00e7ados a deixar suas casas ap\u00f3s um inc\u00eandio na igreja local.<\/p>\n\n\n\n<p>O incidente, que ocorreu no dia 6 de agosto deste ano, levou os crist\u00e3os \u00e0s ruas para protestar contra a persegui\u00e7\u00e3o religiosa.<\/p>\n\n\n\n<p>Os membros da Igreja Crist\u00e3 Protestante Interdenominacional (ICIAR) e seus apoiadores protestaram no estado de Oaxaca, no dia 19 de agosto, denunciando graves viola\u00e7\u00f5es da liberdade religiosa na comunidade de San Isidro Arenal, no munic\u00edpio de San Juan Lalana.<\/p>\n\n\n\n<p>Segundo a organiza\u00e7\u00e3o Christian Solidarity Worldwide (CSW), membros do ICIAR foram submetidos \u00e0 discrimina\u00e7\u00e3o, viol\u00eancia e deten\u00e7\u00e3o arbitr\u00e1ria desde novembro de 2023. Atualmente, eles enfrentam um iminente deslocamento for\u00e7ado devido \u00e0s suas cren\u00e7as religiosas.&nbsp;<\/p>\n\n\n\n<p>Em um comunicado \u00e0 imprensa, a chefe de advocacia da CSW, Anna Lee Stangl, disse:<\/p>\n\n\n\n<p>\u201cEstamos com aqueles que est\u00e3o levantando suas vozes hoje em todo o M\u00e9xico em apoio \u00e0 liberdade de religi\u00e3o ou cren\u00e7a para todos\u201d.<\/p>\n\n\n\n<p>\u201c\u00c9 necess\u00e1rio que os governos do munic\u00edpio de San Juan Lalana e do estado de Oaxaca, e no n\u00edvel federal, tomem medidas urgentes para defender a Constitui\u00e7\u00e3o mexicana e garantir que a liberdade de religi\u00e3o ou cren\u00e7a seja um direito desfrutado por todos, independentemente de onde vivam ou de sua identidade etnolingu\u00edstica\u201d, acrescentou.<\/p>\n\n\n\n<p><strong>Aumento da persegui\u00e7\u00e3o local<\/strong><\/p>\n\n\n\n<p>Oaxaca fica a apenas 3 km de Hidalgo, onde crist\u00e3os em v\u00e1rias aldeias ind\u00edgenas t\u00eam sofrido&nbsp;<a href=\"https:\/\/guiame.com.br\/tudo-sobre?tag=persegui%C3%A7%C3%A3o\"><strong>persegui\u00e7\u00f5es<\/strong><\/a>&nbsp;semelhantes, sendo expulsos de suas casas e igrejas, a menos que se convertam ao catolicismo.<\/p>\n\n\n\n<p>Na regi\u00e3o, a persegui\u00e7\u00e3o aumentou no dia 6 de agosto, quando uma multid\u00e3o de 300 homens tomou as terras e o gado das \u00faltimas fam\u00edlias de minorias religiosas, destruiu suas planta\u00e7\u00f5es e queimou sua igreja.<\/p>\n\n\n\n<p>Em 16 de agosto, os pastores Mois\u00e9s Sarmiento Alav\u00e9s e Esdr\u00e1s Ojeda Jim\u00e9nez foram \u00e0 comunidade junto com outros dois homens para participar de um processo judicial anunciado pelo Minist\u00e9rio P\u00fablico do Estado de Oaxaca.&nbsp;<\/p>\n\n\n\n<p>No entanto, quando chegaram l\u00e1, foram informados que o processo nunca ocorreu e em seguida foram atacados por uma multid\u00e3o.<\/p>\n\n\n\n<p>\u201cEles foram despidos, espancados, detidos por mais de seis horas e for\u00e7ados a assinar um documento que n\u00e3o tiveram a oportunidade de ler. Mais tarde, os quatro homens foram finalmente libertados pela pol\u00edcia naquele mesmo dia\u201d, relatou a CSW.&nbsp;<\/p>\n\n\n\n<p>O advogado e representante da Fellowship of Pastors, Porfirio Flores, contou \u00e0 CSW que \u201cmaior aten\u00e7\u00e3o deve ser dada \u00e0 quest\u00e3o da liberdade religiosa em Oaxaca. Uma mudan\u00e7a fundamental \u00e9 necess\u00e1ria em rela\u00e7\u00e3o aos problemas decorrentes de acusa\u00e7\u00f5es civis e religiosas dentro de sistemas normativos internos, respeitando o estado secular\u201d.<\/p>\n\n\n\n<p>Um acordo comunit\u00e1rio de 1993 determina o&nbsp;<a href=\"https:\/\/guiame.com.br\/tudo-sobre?tag=catolicismo\"><strong>catolicismo<\/strong><\/a>&nbsp;romano como a \u00fanica religi\u00e3o permitida em San Isidro Arenal, um sistema permitido pela Lei de Usos e Costumes.&nbsp;<\/p>\n\n\n\n<p>Desde ent\u00e3o, crist\u00e3os protestantes em comunidades cat\u00f3licas ind\u00edgenas sofrem com a persegui\u00e7\u00e3o, mesmo com a liberdade religiosa sendo garantida na constitui\u00e7\u00e3o do M\u00e9xico.<\/p>\n\n\n\n<p>\u201cA situa\u00e7\u00e3o vol\u00e1til em San Isidro Arenal \u00e9 mais um exemplo de como a falha do governo em intervir nos est\u00e1gios iniciais de casos de intoler\u00e2ncia religiosa e sua neglig\u00eancia com a educa\u00e7\u00e3o em torno da liberdade de religi\u00e3o ou cren\u00e7a levou as autoridades locais a acreditarem que podem impor a ades\u00e3o e a pr\u00e1tica religiosa e cometer atos criminosos contra aqueles que acreditam de forma diferente com impunidade\u201d, destacou Stangl.&nbsp;<\/p>\n\n\n\n<p>E concluiu: \u201cMedidas concretas devem ser tomadas agora para proteger os membros da minoria religiosa em San Isidro Arenal, e aqueles que s\u00e3o respons\u00e1veis \u200b\u200bpor crimes cometidos contra eles devem ser responsabilizados por suas a\u00e7\u00f5es\u201d.<\/p>\n","protected":false},"excerpt":{"rendered":"<p>Recentemente, os \u00faltimos protestantes em uma comunidade ind\u00edgena no&nbsp;M\u00e9xico, onde o catolicismo \u00e9 a \u00fanica religi\u00e3o permitida, foram for\u00e7ados a deixar suas casas ap\u00f3s um inc\u00eandio na igreja local. O incidente, que ocorreu no dia 6 de agosto deste ano, levou os crist\u00e3os \u00e0s ruas para protestar contra a persegui\u00e7\u00e3o religiosa. Os membros da Igreja [&hellip;]<\/p>\n","protected":false},"author":2,"featured_media":20538,"comment_status":"open","ping_status":"open","sticky":false,"template":"","format":"standard","meta":[],"categories":[12,16],"tags":[],"_links":{"self":[{"href":"https:\/\/dgospel.com.br\/portal\/index.php\/wp-json\/wp\/v2\/posts\/20537"}],"collection":[{"href":"https:\/\/dgospel.com.br\/portal\/index.php\/wp-json\/wp\/v2\/posts"}],"about":[{"href":"https:\/\/dgospel.com.br\/portal\/index.php\/wp-json\/wp\/v2\/types\/post"}],"author":[{"embeddable":true,"href":"https:\/\/dgospel.com.br\/portal\/index.php\/wp-json\/wp\/v2\/users\/2"}],"replies":[{"embeddable":true,"href":"https:\/\/dgospel.com.br\/portal\/index.php\/wp-json\/wp\/v2\/comments?post=20537"}],"version-history":[{"count":1,"href":"https:\/\/dgospel.com.br\/portal\/index.php\/wp-json\/wp\/v2\/posts\/20537\/revisions"}],"predecessor-version":[{"id":20539,"href":"https:\/\/dgospel.com.br\/portal\/index.php\/wp-json\/wp\/v2\/posts\/20537\/revisions\/20539"}],"wp:featuredmedia":[{"embeddable":true,"href":"https:\/\/dgospel.com.br\/portal\/index.php\/wp-json\/wp\/v2\/media\/20538"}],"wp:attachment":[{"href":"https:\/\/dgospel.com.br\/portal\/index.php\/wp-json\/wp\/v2\/media?parent=20537"}],"wp:term":[{"taxonomy":"category","embeddable":true,"href":"https:\/\/dgospel.com.br\/portal\/index.php\/wp-json\/wp\/v2\/categories?post=20537"},{"taxonomy":"post_tag","embeddable":true,"href":"https:\/\/dgospel.com.br\/portal\/index.php\/wp-json\/wp\/v2\/tags?post=20537"}],"curies":[{"name":"wp","href":"https:\/\/api.w.org\/{rel}","templated":true}]}}