{"id":2055,"date":"2018-12-13T16:24:46","date_gmt":"2018-12-13T18:24:46","guid":{"rendered":"http:\/\/dgospel.com.br\/portal\/?p=2055"},"modified":"2018-12-13T16:24:46","modified_gmt":"2018-12-13T18:24:46","slug":"vice-governador-wanderlei-barbosa-inaugura-condominio-maria-olivia-carlesse-em-palmas","status":"publish","type":"post","link":"https:\/\/dgospel.com.br\/portal\/index.php\/2018\/12\/13\/vice-governador-wanderlei-barbosa-inaugura-condominio-maria-olivia-carlesse-em-palmas\/","title":{"rendered":"Vice-governador Wanderlei Barbosa inaugura Condom\u00ednio Maria Ol\u00edvia Carlesse em Palmas"},"content":{"rendered":"<p>O vice-governador Wanderlei Barbosa realizou na manh\u00e3 desta quinta-feira, 13, a entrega simb\u00f3lica das chaves dos apartamentos do Residencial Maria Ol\u00edvia Carlesse, localizado na 309 Norte (ALCNO-10), pr\u00f3ximo \u00e0 Praia das Arnos, em Palmas. Ao todo foram beneficiadas 80 fam\u00edlias\u00a0que se enquadram no Programa Pr\u00f3-Moradia, destinado \u00e0 pessoas com renda familiar de at\u00e9 R$ 1.600. O nome do residencial \u00e9 uma homenagem \u00e0 m\u00e3e do governador, Maria Ol\u00edvia Carlesse, que faleceu no dia 9 de novembro de 2018.<\/p>\n<p>A aposentada Ailda Alves da Silva foi a primeira a receber as chaves das m\u00e3os do vice-governador Wanderlei Barbosa e agradeceu a oportunidade. \u201cEstou feliz, nunca tive moradia pr\u00f3pria e agora tenho a oportunidade de melhor qualidade de vida. Agora vou ficar mais quieta, j\u00e1 que n\u00e3o vou mais pagar aluguel, vai sobrar um pouco mais da aposentadoria para melhorar a vida\u201d, comemorou. \u201cEu por Deus sou mais que vencedor\u201d, assim reagiu o pedreiro Moacir da Silva, que representou as fam\u00edlias beneficiadas na solenidade. Morador de Palmas h\u00e1 18 anos ele disse que a casa pr\u00f3pria era um sonho que agora se tornou realidade. \u201cEstou muito feliz com a oportunidade de passar o Natal em meu pr\u00f3prio apartamento, gra\u00e7as ao Governo do Estado\u201d, disse em tom de agradecimento.<\/p>\n<p>Wanderlei Barbosa lembrou que o Tocantins conta com um grande d\u00e9ficit habitacional e que o governador Mauro Carlesse \u00e9 sabedor da import\u00e2ncia da entrega dessas moradias. Destacou ainda as parcerias com a Caixa Econ\u00f4mica Federal, Prefeitura de Palmas e as entidades voltadas para a causa. \u201cA casa pr\u00f3pria representa a seguran\u00e7a das fam\u00edlias e o Governo Carlesse \u00e9 comprometido com a inclus\u00e3o das pessoas menos favorecidas\u201d, pontou, ressaltando que o governo do Estado quer que as moradias populares na regi\u00e3o central de Palmas favore\u00e7am as pessoas com menos poder aquisitivo.<\/p>\n<p>O presidente da Companhia Imobili\u00e1ria do Tocantins (Terratins), Aleandro Lacerda, tamb\u00e9m destacou o cuidado do governador com o setor habitacional e a disposi\u00e7\u00e3o em assentar as fam\u00edlias beneficiadas pelos programas habitacionais nos espa\u00e7os vazios da regi\u00e3o central da capital. \u201cO Governador quer que as fam\u00edlias sejam beneficiadas com moradias populares tamb\u00e9m nos espa\u00e7os vazios da regi\u00e3o central de Palmas\u201d.<\/p>\n<p><strong>O condom\u00ednio<\/strong><\/p>\n<p>Os 80 apartamentos est\u00e3o divididos em cinco blocos, sendo que cada bloco \u00e9 composto por 16 unidades e cada unidade conta com dois quartos e sala. A constru\u00e7\u00e3o demandou recursos de mais R$ 5,9 milh\u00f5es do Programa Pr\u00f3-Moradia do Governo do Estado, por meio da Secretaria de Infraestrutura, Habita\u00e7\u00e3o e Servi\u00e7os P\u00fablicos (Seinf), em parceria com o Governo Federal, sendo que R$ 825.385,94 s\u00e3o referentes a contrapartida do Estado. Os principais crit\u00e9rios para ser benefici\u00e1rio do programa, al\u00e9m da renda de R$ 1.600, s\u00e3o: j\u00e1 morar no munic\u00edpio h\u00e1 pelo menos tr\u00eas anos e n\u00e3o ter sido benefici\u00e1rio de outros programas habitacionais.<\/p>\n<p>Al\u00e9m do vice-governador, a solenidade contou com a presen\u00e7a de representantes da Caixa Econ\u00f4mica Federal, deputados estaduais e federais, da Prefeitura de Palmas, Energisa, representantes de movimentos pela moradia, secret\u00e1rios e populares.<\/p>\n<p>&nbsp;<\/p>\n","protected":false},"excerpt":{"rendered":"<p>O vice-governador Wanderlei Barbosa realizou na manh\u00e3 desta quinta-feira, 13, a entrega simb\u00f3lica das chaves dos apartamentos do Residencial Maria Ol\u00edvia Carlesse, localizado na 309 Norte (ALCNO-10), pr\u00f3ximo \u00e0 Praia das Arnos, em Palmas. Ao todo foram beneficiadas 80 fam\u00edlias\u00a0que se enquadram no Programa Pr\u00f3-Moradia, destinado \u00e0 pessoas com renda familiar de at\u00e9 R$ 1.600. [&hellip;]<\/p>\n","protected":false},"author":2,"featured_media":2056,"comment_status":"open","ping_status":"open","sticky":false,"template":"","format":"standard","meta":[],"categories":[2,3],"tags":[],"_links":{"self":[{"href":"https:\/\/dgospel.com.br\/portal\/index.php\/wp-json\/wp\/v2\/posts\/2055"}],"collection":[{"href":"https:\/\/dgospel.com.br\/portal\/index.php\/wp-json\/wp\/v2\/posts"}],"about":[{"href":"https:\/\/dgospel.com.br\/portal\/index.php\/wp-json\/wp\/v2\/types\/post"}],"author":[{"embeddable":true,"href":"https:\/\/dgospel.com.br\/portal\/index.php\/wp-json\/wp\/v2\/users\/2"}],"replies":[{"embeddable":true,"href":"https:\/\/dgospel.com.br\/portal\/index.php\/wp-json\/wp\/v2\/comments?post=2055"}],"version-history":[{"count":1,"href":"https:\/\/dgospel.com.br\/portal\/index.php\/wp-json\/wp\/v2\/posts\/2055\/revisions"}],"predecessor-version":[{"id":2057,"href":"https:\/\/dgospel.com.br\/portal\/index.php\/wp-json\/wp\/v2\/posts\/2055\/revisions\/2057"}],"wp:featuredmedia":[{"embeddable":true,"href":"https:\/\/dgospel.com.br\/portal\/index.php\/wp-json\/wp\/v2\/media\/2056"}],"wp:attachment":[{"href":"https:\/\/dgospel.com.br\/portal\/index.php\/wp-json\/wp\/v2\/media?parent=2055"}],"wp:term":[{"taxonomy":"category","embeddable":true,"href":"https:\/\/dgospel.com.br\/portal\/index.php\/wp-json\/wp\/v2\/categories?post=2055"},{"taxonomy":"post_tag","embeddable":true,"href":"https:\/\/dgospel.com.br\/portal\/index.php\/wp-json\/wp\/v2\/tags?post=2055"}],"curies":[{"name":"wp","href":"https:\/\/api.w.org\/{rel}","templated":true}]}}