{"id":20556,"date":"2024-08-29T09:16:06","date_gmt":"2024-08-29T12:16:06","guid":{"rendered":"https:\/\/dgospel.com.br\/portal\/?p=20556"},"modified":"2024-08-29T09:18:45","modified_gmt":"2024-08-29T12:18:45","slug":"daniel-ortega-ameaca-contar-varias-coisinhas-sobre-lula","status":"publish","type":"post","link":"https:\/\/dgospel.com.br\/portal\/index.php\/2024\/08\/29\/daniel-ortega-ameaca-contar-varias-coisinhas-sobre-lula\/","title":{"rendered":"Daniel Ortega amea\u00e7a \u201ccontar v\u00e1rias coisinhas\u201d sobre Lula"},"content":{"rendered":"\n<p>Aliado do presidente Luiz In\u00e1cio Lula da Silva (PT), o ditador da Nicar\u00e1gua, Daniel Ortega, cobrou \u201crespeito\u201d da parte do petista e amea\u00e7ou contar \u201cv\u00e1rias coisinhas\u201d a respeito dos governos anteriores do brasileiro, citando os esc\u00e2ndalos de corrup\u00e7\u00e3o envolvendo a Opera\u00e7\u00e3o Lava Jato.<\/p>\n\n\n\n<p>As declara\u00e7\u00f5es de Ortega ocorreram na \u00faltima segunda-feira (26) durante a 11\u00aa C\u00fapula Extraordin\u00e1ria da Alian\u00e7a Bolivariana Para os Povos da Nossa Am\u00e9rica (Alba), fundada por Hugo Ch\u00e1vez. Elas v\u00eam na esteira da expuls\u00e3o do embaixador brasileiro da Nicar\u00e1gua, Breno de Souza Brasil Dias da Costa, por n\u00e3o ter comparecido \u00e0s celebra\u00e7\u00f5es pelo 45\u00ba anivers\u00e1rio da Revolu\u00e7\u00e3o Sandinista, e a posterior resposta do Brasil, expulsando a embaixadora nicaraguense Fulvia Castro.<\/p>\n\n\n\n<p>\u2013 Se voc\u00ea quer respeito, me respeite, Lula. Se voc\u00ea quer que o povo bolivariano te respeite, respeite a vit\u00f3ria do presidente Maduro e n\u00e3o se deixe levar [pelos Estados Unidos]. N\u00e3o me diga que suas administra\u00e7\u00f5es foram extraordin\u00e1rias. Foi extraordin\u00e1ria com o campo quando voc\u00ea foi presidente pela primeira vez, mas tamb\u00e9m lembre dos esc\u00e2ndalos da [opera\u00e7\u00e3o] Lava Jato, lembre de tudo isso. N\u00e3o foi o governo mais limpo, lembre-se bem, Lula, porque eu poderei contar v\u00e1rias coisinhas \u2013 advertiu.<\/p>\n\n\n\n<p>Na ocasi\u00e3o, Ortega ainda disse que o presidente da Col\u00f4mbia, Gustavo Petro, est\u00e1 competindo com Lula \u201cpara ver quem ser\u00e1 o l\u00edder que representar\u00e1 os ianques [Estados Unidos] na Am\u00e9rica Latina\u201d. O ditador, inclusive, afirmou que foi esse o motivo que o fez romper com o Brasil.<\/p>\n\n\n\n<p>O l\u00edder sandinista tamb\u00e9m chamou de \u201cvergonhosa\u201d a forma com que o presidente brasileiro tem se comportado em rela\u00e7\u00e3o \u00e0 Venezuela. O governo Lula (PT) recusa-se a reconhecer a vit\u00f3ria de Nicol\u00e1s Maduro sem a apresenta\u00e7\u00e3o das atas eleitorais.<\/p>\n\n\n\n<p>\u2013 A forma com que Lula se comportou diante da vit\u00f3ria do presidente leg\u00edtimo da Venezuela \u00e9 vergonhosa, repetindo as consignas dos ianques, dos europeus, dos governos influenciados da Am\u00e9rica Latina. (\u2026) [O Brasil] Pode ser uma pot\u00eancia, n\u00f3s somos um pa\u00eds pequenino, n\u00e3o temos a pot\u00eancia do Brasil, a economia do Brasil nem nada do estilo, mas temos algo que vale mais que tudo isso: dignidade, defesa da nossa soberania \u2013 acrescentou.<\/p>\n","protected":false},"excerpt":{"rendered":"<p>Aliado do presidente Luiz In\u00e1cio Lula da Silva (PT), o ditador da Nicar\u00e1gua, Daniel Ortega, cobrou \u201crespeito\u201d da parte do petista e amea\u00e7ou contar \u201cv\u00e1rias coisinhas\u201d a respeito dos governos anteriores do brasileiro, citando os esc\u00e2ndalos de corrup\u00e7\u00e3o envolvendo a Opera\u00e7\u00e3o Lava Jato. As declara\u00e7\u00f5es de Ortega ocorreram na \u00faltima segunda-feira (26) durante a 11\u00aa [&hellip;]<\/p>\n","protected":false},"author":2,"featured_media":20557,"comment_status":"open","ping_status":"open","sticky":false,"template":"","format":"standard","meta":[],"categories":[4],"tags":[],"_links":{"self":[{"href":"https:\/\/dgospel.com.br\/portal\/index.php\/wp-json\/wp\/v2\/posts\/20556"}],"collection":[{"href":"https:\/\/dgospel.com.br\/portal\/index.php\/wp-json\/wp\/v2\/posts"}],"about":[{"href":"https:\/\/dgospel.com.br\/portal\/index.php\/wp-json\/wp\/v2\/types\/post"}],"author":[{"embeddable":true,"href":"https:\/\/dgospel.com.br\/portal\/index.php\/wp-json\/wp\/v2\/users\/2"}],"replies":[{"embeddable":true,"href":"https:\/\/dgospel.com.br\/portal\/index.php\/wp-json\/wp\/v2\/comments?post=20556"}],"version-history":[{"count":2,"href":"https:\/\/dgospel.com.br\/portal\/index.php\/wp-json\/wp\/v2\/posts\/20556\/revisions"}],"predecessor-version":[{"id":20559,"href":"https:\/\/dgospel.com.br\/portal\/index.php\/wp-json\/wp\/v2\/posts\/20556\/revisions\/20559"}],"wp:featuredmedia":[{"embeddable":true,"href":"https:\/\/dgospel.com.br\/portal\/index.php\/wp-json\/wp\/v2\/media\/20557"}],"wp:attachment":[{"href":"https:\/\/dgospel.com.br\/portal\/index.php\/wp-json\/wp\/v2\/media?parent=20556"}],"wp:term":[{"taxonomy":"category","embeddable":true,"href":"https:\/\/dgospel.com.br\/portal\/index.php\/wp-json\/wp\/v2\/categories?post=20556"},{"taxonomy":"post_tag","embeddable":true,"href":"https:\/\/dgospel.com.br\/portal\/index.php\/wp-json\/wp\/v2\/tags?post=20556"}],"curies":[{"name":"wp","href":"https:\/\/api.w.org\/{rel}","templated":true}]}}