{"id":20565,"date":"2024-08-29T09:32:17","date_gmt":"2024-08-29T12:32:17","guid":{"rendered":"https:\/\/dgospel.com.br\/portal\/?p=20565"},"modified":"2024-08-29T09:32:19","modified_gmt":"2024-08-29T12:32:19","slug":"wanderlei-barbosa-participa-da-feira-internacional-de-comercio-exterior-do-brasil-central-em-goiania","status":"publish","type":"post","link":"https:\/\/dgospel.com.br\/portal\/index.php\/2024\/08\/29\/wanderlei-barbosa-participa-da-feira-internacional-de-comercio-exterior-do-brasil-central-em-goiania\/","title":{"rendered":"Wanderlei Barbosa participa da Feira Internacional de Com\u00e9rcio Exterior do Brasil Central, em Goi\u00e2nia"},"content":{"rendered":"\n<p>O governador do Tocantins, Wanderlei Barbosa, participou nesta quarta-feira, 28, da abertura da Feira Internacional de Com\u00e9rcio Exterior do Brasil Central (Ficomex 2024), considerada a maior feira de internacionaliza\u00e7\u00e3o de neg\u00f3cios do pa\u00eds, que ocorre at\u00e9 esta quinta-feira, 29, no Centro de Conven\u00e7\u00f5es, em Goi\u00e2nia\/GO. Durante o evento, tamb\u00e9m ocorreu a abertura do 2\u00b0 F\u00f3rum de Governadores do Brasil Central.&nbsp; Acompanharam o governador no evento a primeira-dama e secret\u00e1ria extraordin\u00e1ria de Participa\u00e7\u00f5es Sociais, Karynne Sotero; o secret\u00e1rio de Estado da Comunica\u00e7\u00e3o, M\u00e1rcio Rocha; e o secret\u00e1rio extraordin\u00e1rio de Representa\u00e7\u00e3o do Tocantins em Bras\u00edlia, Carlos Manzini J\u00fanior.<\/p>\n\n\n\n<p>Com o tema&nbsp;<em>O Brasil Central e a gera\u00e7\u00e3o de neg\u00f3cios com o mercado global<\/em>, a Ficomex aborda tr\u00eas eixos: neg\u00f3cios, pol\u00edticas p\u00fablicas e educa\u00e7\u00e3o. O evento \u00e9 promovido pela Associa\u00e7\u00e3o Comercial, Industrial e de Servi\u00e7os do Estado de Goi\u00e1s (Acieg) e pela Federa\u00e7\u00e3o das Associa\u00e7\u00f5es Empreendedoras, Comerciais, Industriais, de Servi\u00e7os, de Tecnologia, de Turismo e do Terceiro Setor do Estado de Goi\u00e1s (Faciest), em uma a\u00e7\u00e3o conjunta com o Cons\u00f3rcio dos Estados do Brasil Central, que re\u00fane os estados de Goi\u00e1s, Distrito Federal, Mato Grosso, Mato Grosso do Sul, Tocantins, Maranh\u00e3o e Rond\u00f4nia.<\/p>\n\n\n\n<p>A participa\u00e7\u00e3o do Governo do Tocantins na Ficomex 2024 destaca a import\u00e2ncia do Estado como um polo estrat\u00e9gico para investimentos em diversos setores. O Tocantins oferece condi\u00e7\u00f5es favor\u00e1veis para o desenvolvimento de atividades econ\u00f4micas diversificadas e alinhadas \u00e0s pol\u00edticas de sustentabilidade social e ambiental. Ao se posicionar como um estado de grandes oportunidades, o Tocantins refor\u00e7a seu compromisso em atrair investidores e promover um ambiente de neg\u00f3cios pr\u00f3spero, sustent\u00e1vel e inovador.<\/p>\n\n\n\n<p>&#8220;\u00c9 uma satisfa\u00e7\u00e3o estar aqui neste evento, apresentando um pouco do Tocantins, o estado mais jovem da federa\u00e7\u00e3o, que tem crescido e melhorado seus indicadores, tanto na \u00e1rea comercial quanto no crescimento econ\u00f4mico, mas principalmente na \u00e1rea social. A redu\u00e7\u00e3o dos \u00edndices de desemprego \u00e9 fundamental para garantir dignidade \u00e0s fam\u00edlias tocantinenses. Agrade\u00e7o \u00e0 grande lideran\u00e7a do governador Caiado, tanto no Brasil quanto no Cons\u00f3rcio Brasil Central\u201d, destacou o governador Wanderlei Barbosa.&nbsp;<\/p>\n\n\n\n<p><strong>Estande do Tocantins&nbsp;<\/strong><\/p>\n\n\n\n<p>Al\u00e9m de participar ativamente dos debates e das exposi\u00e7\u00f5es, o Governo do Tocantins, por meio da Secretaria de Estado da Ind\u00fastria, Com\u00e9rcio e Servi\u00e7os (Sics), montou um estande na feira para apresentar suas oportunidades e suas vantagens econ\u00f4micas. O estande serve como uma vitrine das iniciativas do Estado para atrair investidores e fomentar o desenvolvimento sustent\u00e1vel.<\/p>\n\n\n\n<p>No estande, o Tocantins apresentar\u00e1 seu plano estrat\u00e9gico, destacando os benef\u00edcios fiscais oferecidos, incluindo aqueles voltados para o com\u00e9rcio exterior. O Estado possui incentivos atrativos para importadoras, atacadistas, ind\u00fastrias e empresas de com\u00e9rcio, garantindo vantagens exclusivas para diferentes setores empresariais. Haver\u00e1 conversas e apresenta\u00e7\u00f5es direcionadas a empres\u00e1rios e investidores interessados em conhecer as vantagens de investir no Tocantins, com o objetivo de impulsionar ainda mais o crescimento do com\u00e9rcio e da ind\u00fastria local.<\/p>\n\n\n\n<p>O diretor de Atra\u00e7\u00e3o de Investimentos em Desenvolvimento Estrat\u00e9gico da Sics, Sergio Noleto Barbosa, enfatizou a import\u00e2ncia do Tocantins mostrar seu planejamento estrat\u00e9gico e capacidade de desenvolvimento. \u201cO objetivo \u00e9 apresentar os planos e os incentivos fiscais para atrair novas parcerias e aumentar a arrecada\u00e7\u00e3o, fortalecendo assim o com\u00e9rcio e a ind\u00fastria do Tocantins, al\u00e9m de fomentar a colabora\u00e7\u00e3o entre os estados\u201d, salientou o diretor.<\/p>\n\n\n\n<p><strong>Ficomex 2024<\/strong><\/p>\n\n\n\n<p>S\u00e3o dezenas de embaixadas, C\u00e2maras de Com\u00e9rcio Exterior, empresas brasileiras e estrangeiras, Institui\u00e7\u00f5es de Ensino Superior e governos estaduais reunidos em um s\u00f3 local. Na programa\u00e7\u00e3o, est\u00e3o previstas rodadas de neg\u00f3cios que permitir\u00e3o \u00e0s empresas vender seus produtos e servi\u00e7os, al\u00e9m de identificar oportunidades de compra.&nbsp;<\/p>\n\n\n\n<p>O governador do estado de Goi\u00e1s e presidente do Cons\u00f3rcio Brasil Central, Ronaldo Caiado, realizou a abertura do evento. \u201cAqui na Ficomex, temos a oportunidade de mostrar para o mundo o potencial do nosso estado e, ao mesmo tempo, aprender com a experi\u00eancia de outros pa\u00edses. Reconhecemos que essa \u00e9 uma via de m\u00e3o dupla, de troca e aprendizado m\u00fatuo. Parabenizo a todos pelo sucesso deste evento. Estou visitando os estandes para verificar de perto as maravilhas que est\u00e3o sendo apresentadas, estamos todos empenhados em fazer deste evento um marco de coopera\u00e7\u00e3o e desenvolvimento\u201d, finalizou o governador Ronaldo Caiado.<\/p>\n\n\n\n<p><img src=\"https:\/\/central.to.gov.br\/image\/390763?w=670&amp;h=383\"><\/p>\n\n\n\n<p>O Tocantins apresentou seu plano estrat\u00e9gico, destacando os benef\u00edcios fiscais oferecidos, incluindo aqueles voltados para o com\u00e9rcio exterior &#8211; Vin\u00edcius Santa Rosa\/Governo do Tocantins&nbsp;<a href=\"https:\/\/central.to.gov.br\/image\/390763?f=1\" target=\"_blank\" rel=\"noreferrer noopener\"><em>file_download<\/em><\/a><\/p>\n\n\n\n<p><img src=\"https:\/\/central.to.gov.br\/image\/390767?w=670&amp;h=383\"><\/p>\n\n\n\n<p>Durante o evento, o governador Wanderlei Barbosa ressaltou a import\u00e2ncia do crescimento do Tocantins &#8211; Vin\u00edcius Santa Rosa\/Governo do Tocantins&nbsp;<a href=\"https:\/\/central.to.gov.br\/image\/390767?f=1\" target=\"_blank\" rel=\"noreferrer noopener\"><em>file_download<\/em><\/a><\/p>\n\n\n\n<p><img src=\"https:\/\/central.to.gov.br\/image\/390766?w=670&amp;h=383\"><\/p>\n\n\n\n<p>Tamb\u00e9m estiveram presentes no evento o secret\u00e1rio de Estado da Comunica\u00e7\u00e3o, M\u00e1rcio Rocha; e o secret\u00e1rio extraordin\u00e1rio de Representa\u00e7\u00e3o do Tocantins em Bras\u00edlia, Carlos Manzini J\u00fanior &#8211; Vin\u00edcius Santa Rosa\/Governo do Tocantins&nbsp;<a href=\"https:\/\/central.to.gov.br\/image\/390766?f=1\" target=\"_blank\" rel=\"noreferrer noopener\"><em>file_download<\/em><\/a><\/p>\n\n\n\n<p><img src=\"https:\/\/central.to.gov.br\/image\/390765?w=670&amp;h=383\"><\/p>\n\n\n\n<p>O diretor de Atra\u00e7\u00e3o de Investimentos em Desenvolvimento Estrat\u00e9gico da Sics, Sergio Noleto Barbosa, enfatizou a import\u00e2ncia do Tocantins mostrar seu planejamento estrat\u00e9gico e sua capacidade de desenvolvimento &#8211; Vin\u00edcius Santa Rosa\/Governo do Tocantins&nbsp;<a href=\"https:\/\/central.to.gov.br\/image\/390765?f=1\" target=\"_blank\" rel=\"noreferrer noopener\"><em>file_download<\/em><\/a><\/p>\n\n\n\n<p><img src=\"https:\/\/central.to.gov.br\/image\/390764?w=670&amp;h=383\"><\/p>\n\n\n\n<p>Al\u00e9m de participar ativamente dos debates e das exposi\u00e7\u00f5es, o Governo do Tocantins montou um estande na feira para apresentar suas oportunidades e suas vantagens econ\u00f4micas &#8211; Vin\u00edcius Santa Rosa\/Governo do Tocantins&nbsp;<a href=\"https:\/\/central.to.gov.br\/image\/390764?f=1\" target=\"_blank\" rel=\"noreferrer noopener\"><em>file_download<\/em><\/a><\/p>\n\n\n\n<p><img src=\"https:\/\/central.to.gov.br\/image\/390770?w=670&amp;h=383\"><\/p>\n\n\n\n<p>O governador Wanderlei Barbosa tamb\u00e9m esteve acompanhado da primeira-dama e secret\u00e1ria extraordin\u00e1ria de Participa\u00e7\u00f5es Sociais, Karynne Sotero &#8211; Vin\u00edcius Santa Rosa\/Governo do Tocantins&nbsp;<a href=\"https:\/\/central.to.gov.br\/image\/390770?f=1\" target=\"_blank\" rel=\"noreferrer noopener\"><em>file_download<\/em><\/a><\/p>\n","protected":false},"excerpt":{"rendered":"<p>O governador do Tocantins, Wanderlei Barbosa, participou nesta quarta-feira, 28, da abertura da Feira Internacional de Com\u00e9rcio Exterior do Brasil Central (Ficomex 2024), considerada a maior feira de internacionaliza\u00e7\u00e3o de neg\u00f3cios do pa\u00eds, que ocorre at\u00e9 esta quinta-feira, 29, no Centro de Conven\u00e7\u00f5es, em Goi\u00e2nia\/GO. Durante o evento, tamb\u00e9m ocorreu a abertura do 2\u00b0 F\u00f3rum [&hellip;]<\/p>\n","protected":false},"author":2,"featured_media":20566,"comment_status":"open","ping_status":"open","sticky":false,"template":"","format":"standard","meta":[],"categories":[3],"tags":[13],"_links":{"self":[{"href":"https:\/\/dgospel.com.br\/portal\/index.php\/wp-json\/wp\/v2\/posts\/20565"}],"collection":[{"href":"https:\/\/dgospel.com.br\/portal\/index.php\/wp-json\/wp\/v2\/posts"}],"about":[{"href":"https:\/\/dgospel.com.br\/portal\/index.php\/wp-json\/wp\/v2\/types\/post"}],"author":[{"embeddable":true,"href":"https:\/\/dgospel.com.br\/portal\/index.php\/wp-json\/wp\/v2\/users\/2"}],"replies":[{"embeddable":true,"href":"https:\/\/dgospel.com.br\/portal\/index.php\/wp-json\/wp\/v2\/comments?post=20565"}],"version-history":[{"count":1,"href":"https:\/\/dgospel.com.br\/portal\/index.php\/wp-json\/wp\/v2\/posts\/20565\/revisions"}],"predecessor-version":[{"id":20567,"href":"https:\/\/dgospel.com.br\/portal\/index.php\/wp-json\/wp\/v2\/posts\/20565\/revisions\/20567"}],"wp:featuredmedia":[{"embeddable":true,"href":"https:\/\/dgospel.com.br\/portal\/index.php\/wp-json\/wp\/v2\/media\/20566"}],"wp:attachment":[{"href":"https:\/\/dgospel.com.br\/portal\/index.php\/wp-json\/wp\/v2\/media?parent=20565"}],"wp:term":[{"taxonomy":"category","embeddable":true,"href":"https:\/\/dgospel.com.br\/portal\/index.php\/wp-json\/wp\/v2\/categories?post=20565"},{"taxonomy":"post_tag","embeddable":true,"href":"https:\/\/dgospel.com.br\/portal\/index.php\/wp-json\/wp\/v2\/tags?post=20565"}],"curies":[{"name":"wp","href":"https:\/\/api.w.org\/{rel}","templated":true}]}}