{"id":20571,"date":"2024-08-29T10:36:25","date_gmt":"2024-08-29T13:36:25","guid":{"rendered":"https:\/\/dgospel.com.br\/portal\/?p=20571"},"modified":"2024-08-29T10:36:26","modified_gmt":"2024-08-29T13:36:26","slug":"38-presos-sao-batizados-apos-estudo-biblico-em-prisao-no-ma-a-palavra-nao-volta-vazia","status":"publish","type":"post","link":"https:\/\/dgospel.com.br\/portal\/index.php\/2024\/08\/29\/38-presos-sao-batizados-apos-estudo-biblico-em-prisao-no-ma-a-palavra-nao-volta-vazia\/","title":{"rendered":"38 presos s\u00e3o batizados ap\u00f3s estudo b\u00edblico em pris\u00e3o no MA: \u201cA Palavra n\u00e3o volta vazia\u201d"},"content":{"rendered":"\n<p>Estudar a B\u00edblia est\u00e1 transformando a vida de&nbsp;<a href=\"https:\/\/guiame.com.br\/gospel\/testemunhos\/presa-e-batizada-e-leva-parentes-ao-batismo-apos-reencontro-deus-restaura-familias.html\"><strong>presos<\/strong><\/a>&nbsp;na penitenci\u00e1ria de Presidente Dutra, no Maranh\u00e3o.<\/p>\n\n\n\n<p>Uma miss\u00e3o da Igreja Adventista, que promove&nbsp;<a href=\"https:\/\/guiame.com.br\/gospel\/missoes-acao-social\/igreja-batiza-presos-apos-estudo-biblico-na-prisao-nova-vida-em-cristo.html\"><strong>estudos b\u00edblicos dentro da pris\u00e3o<\/strong><\/a>&nbsp;todas as semanas, j\u00e1 levou 38 detentos a Jesus.<\/p>\n\n\n\n<p>Na \u00faltima segunda-feira (26), oito presos foram batizados em uma cerim\u00f4nia no p\u00e1tio da penitenci\u00e1ria, ap\u00f3s conhecerem o Evangelho atrav\u00e9s do projeto.<\/p>\n\n\n\n<p>Genilvam Soares, de 45 anos, foi um deles. O batizado louvou ao Senhor pela nova vida em Cristo.<\/p>\n\n\n\n<p>\u201cEu renasci pra uma nova vida, esse \u00e9 um recome\u00e7o. Jesus tocou em meu cora\u00e7\u00e3o e eu abri a porta para Ele\u201d, testemunhou, em entrevista ao Not\u00edcias Adventistas.<\/p>\n\n\n\n<p><img src=\"https:\/\/thumbor.guiame.com.br\/unsafe\/smart\/https:\/\/media.guiame.com.br\/archives\/2024\/08\/29\/2257402807-.jpg\" alt=\"\" width=\"600\"><br><sup>Genilvam Soares foi um dos presos batizados. (Foto: NUCOM &#8211; ASuMa).<\/sup><\/p>\n\n\n\n<p>Entre os guardas e evangelistas da miss\u00e3o, estavam familiares dos rec\u00e9m convertidos. Teodoro Pereira, pai de um dos presos batizados, compartilhou a emo\u00e7\u00e3o ao ver o filho seguir os caminhos de Deus e mudar de vida.<\/p>\n\n\n\n<p>\u201c\u00c9 uma sensa\u00e7\u00e3o inexplic\u00e1vel, estou muito feliz, h\u00e1 nove meses n\u00e3o via ele. Agrade\u00e7o a igreja, por essas pessoas maravilhosas que o levaram a Jesus\u201d, declarou.<\/p>\n\n\n\n<p><strong>Pregando esperan\u00e7a<\/strong><\/p>\n\n\n\n<p>O trabalho evangel\u00edstico na penitenci\u00e1ria acontece desde 2018 por um grupo de oito crist\u00e3os, liderados pela mission\u00e1ria Maria Enedina Duarte, de 66 anos.<\/p>\n\n\n\n<p>\u201cA Palavra de Deus n\u00e3o volta vazia. Cada vez que um deles se decide ao lado de Jesus para n\u00f3s \u00e9 uma grande alegria. O objetivo da nossa equipe \u00e9 trazer salva\u00e7\u00e3o, porque aqui h\u00e1 a necessidade de pessoas serem salvas, por isso estamos aqui fa\u00e7a chuva ou fa\u00e7a sol\u201d, destacou Maria.<\/p>\n\n\n\n<p>E o evangelista Atailson de Sousa comentou: \u201cN\u00e3o \u00e9 f\u00e1cil falar de Deus dentro de um pres\u00eddio, mas buscamos for\u00e7a Nele e com certeza os presos ficam agradecidos, porque a gente mostra um caminho diferente, que transforma\u201d, garante.<\/p>\n\n\n\n<p><img src=\"https:\/\/thumbor.guiame.com.br\/unsafe\/smart\/https:\/\/media.guiame.com.br\/archives\/2024\/08\/29\/2574402537-.jpg\" alt=\"\" width=\"600\"><br>&nbsp;<sup>A equipe que evangeliza no pres\u00eddio. (Foto: NUCOM &#8211; ASuMa).<\/sup><\/p>\n\n\n\n<p>Segundo o diretor do pres\u00eddio, Samuel Soares, o projeto evangel\u00edstico produz resultados positivos aos encarcerados.<\/p>\n\n\n\n<p>\u201cVer o batismo dos internos \u00e9 ver a materializa\u00e7\u00e3o do compromisso que temos com a assist\u00eancia religiosa, um fator muito importante para a reintegra\u00e7\u00e3o social, que tem o objetivo de preparar esses homens para um bom retorno \u00e0 sociedade\u201d, afirmou.<\/p>\n","protected":false},"excerpt":{"rendered":"<p>Estudar a B\u00edblia est\u00e1 transformando a vida de&nbsp;presos&nbsp;na penitenci\u00e1ria de Presidente Dutra, no Maranh\u00e3o. Uma miss\u00e3o da Igreja Adventista, que promove&nbsp;estudos b\u00edblicos dentro da pris\u00e3o&nbsp;todas as semanas, j\u00e1 levou 38 detentos a Jesus. Na \u00faltima segunda-feira (26), oito presos foram batizados em uma cerim\u00f4nia no p\u00e1tio da penitenci\u00e1ria, ap\u00f3s conhecerem o Evangelho atrav\u00e9s do projeto. [&hellip;]<\/p>\n","protected":false},"author":2,"featured_media":20572,"comment_status":"open","ping_status":"open","sticky":false,"template":"","format":"standard","meta":[],"categories":[12,5],"tags":[],"_links":{"self":[{"href":"https:\/\/dgospel.com.br\/portal\/index.php\/wp-json\/wp\/v2\/posts\/20571"}],"collection":[{"href":"https:\/\/dgospel.com.br\/portal\/index.php\/wp-json\/wp\/v2\/posts"}],"about":[{"href":"https:\/\/dgospel.com.br\/portal\/index.php\/wp-json\/wp\/v2\/types\/post"}],"author":[{"embeddable":true,"href":"https:\/\/dgospel.com.br\/portal\/index.php\/wp-json\/wp\/v2\/users\/2"}],"replies":[{"embeddable":true,"href":"https:\/\/dgospel.com.br\/portal\/index.php\/wp-json\/wp\/v2\/comments?post=20571"}],"version-history":[{"count":1,"href":"https:\/\/dgospel.com.br\/portal\/index.php\/wp-json\/wp\/v2\/posts\/20571\/revisions"}],"predecessor-version":[{"id":20573,"href":"https:\/\/dgospel.com.br\/portal\/index.php\/wp-json\/wp\/v2\/posts\/20571\/revisions\/20573"}],"wp:featuredmedia":[{"embeddable":true,"href":"https:\/\/dgospel.com.br\/portal\/index.php\/wp-json\/wp\/v2\/media\/20572"}],"wp:attachment":[{"href":"https:\/\/dgospel.com.br\/portal\/index.php\/wp-json\/wp\/v2\/media?parent=20571"}],"wp:term":[{"taxonomy":"category","embeddable":true,"href":"https:\/\/dgospel.com.br\/portal\/index.php\/wp-json\/wp\/v2\/categories?post=20571"},{"taxonomy":"post_tag","embeddable":true,"href":"https:\/\/dgospel.com.br\/portal\/index.php\/wp-json\/wp\/v2\/tags?post=20571"}],"curies":[{"name":"wp","href":"https:\/\/api.w.org\/{rel}","templated":true}]}}