{"id":20576,"date":"2024-08-30T08:29:28","date_gmt":"2024-08-30T11:29:28","guid":{"rendered":"https:\/\/dgospel.com.br\/portal\/?p=20576"},"modified":"2024-08-30T10:34:37","modified_gmt":"2024-08-30T13:34:37","slug":"senado-reconhece-cristianismo-como-manifestacao-cultural","status":"publish","type":"post","link":"https:\/\/dgospel.com.br\/portal\/index.php\/2024\/08\/30\/senado-reconhece-cristianismo-como-manifestacao-cultural\/","title":{"rendered":"Senado reconhece cristianismo como manifesta\u00e7\u00e3o cultural"},"content":{"rendered":"\n<p>O Senado Federal aprovou na ter\u00e7a-feira (27), em sess\u00e3o plen\u00e1ria, o projeto de lei que reconhece o cristianismo como uma manifesta\u00e7\u00e3o cultural nacional. O Projeto de Lei 4.168\/2021, relatado pelo senador Esperidi\u00e3o Amin (PP-SC), agora segue para san\u00e7\u00e3o presidencial.<\/p>\n\n\n\n<p>Esperidi\u00e3o Amin apresentou parecer favor\u00e1vel \u00e0 proposta e incluiu uma emenda sugerida pelo senador Magno Malta (PL-ES). A emenda visa garantir que apenas as express\u00f5es p\u00fablicas e influ\u00eancias culturais do cristianismo sejam consideradas manifesta\u00e7\u00f5es culturais, respeitando a liberdade de culto prevista na Constitui\u00e7\u00e3o.<\/p>\n\n\n\n<p>Durante a discuss\u00e3o em plen\u00e1rio, o senador Magno Malta defendeu a emenda, afirmando que seu objetivo \u00e9 preservar a distin\u00e7\u00e3o entre f\u00e9 e cultura, garantindo que o culto religioso continue a ser protegido constitucionalmente.<\/p>\n\n\n\n<p>O relator citou exemplos de manifesta\u00e7\u00f5es religiosas, como a prociss\u00e3o de Nosso Senhor dos Passos em Florian\u00f3polis, destacando que essas pr\u00e1ticas, embora religiosas, tamb\u00e9m se configuram como manifesta\u00e7\u00f5es culturais. Ele afirmou que o projeto, com a emenda, fortalece as express\u00f5es derivadas do cristianismo e sua contribui\u00e7\u00e3o para a cultura brasileira.<\/p>\n\n\n\n<p>O senador Zequinha Marinho (Podemos-PA) afirmou que a emenda aprimora o texto do projeto e reconhece a amplitude do cristianismo, que abrange uma parcela significativa da popula\u00e7\u00e3o mundial e interage com diversas culturas.<\/p>\n\n\n\n<p>O projeto de lei foi originalmente apresentado pelo deputado federal Vinicius Carvalho (Republicanos-RR), que destacou em sua justificativa a relev\u00e2ncia do cristianismo na forma\u00e7\u00e3o cultural e religiosa do Brasil. Ap\u00f3s aprova\u00e7\u00e3o na C\u00e2mara dos Deputados em novembro de 2022, o projeto seguiu para o Senado, onde foi discutido em audi\u00eancia p\u00fablica na Comiss\u00e3o de Educa\u00e7\u00e3o e Cultura, a pedido da senadora Damares Alves (Republicanos-DF), com a participa\u00e7\u00e3o de diversas entidades religiosas.<\/p>\n\n\n\n<p>O projeto aguarda agora a san\u00e7\u00e3o da Presid\u00eancia da Rep\u00fablica.<\/p>\n","protected":false},"excerpt":{"rendered":"<p>O Senado Federal aprovou na ter\u00e7a-feira (27), em sess\u00e3o plen\u00e1ria, o projeto de lei que reconhece o cristianismo como uma manifesta\u00e7\u00e3o cultural nacional. O Projeto de Lei 4.168\/2021, relatado pelo senador Esperidi\u00e3o Amin (PP-SC), agora segue para san\u00e7\u00e3o presidencial. Esperidi\u00e3o Amin apresentou parecer favor\u00e1vel \u00e0 proposta e incluiu uma emenda sugerida pelo senador Magno Malta [&hellip;]<\/p>\n","protected":false},"author":2,"featured_media":20577,"comment_status":"open","ping_status":"open","sticky":false,"template":"","format":"standard","meta":[],"categories":[8],"tags":[],"_links":{"self":[{"href":"https:\/\/dgospel.com.br\/portal\/index.php\/wp-json\/wp\/v2\/posts\/20576"}],"collection":[{"href":"https:\/\/dgospel.com.br\/portal\/index.php\/wp-json\/wp\/v2\/posts"}],"about":[{"href":"https:\/\/dgospel.com.br\/portal\/index.php\/wp-json\/wp\/v2\/types\/post"}],"author":[{"embeddable":true,"href":"https:\/\/dgospel.com.br\/portal\/index.php\/wp-json\/wp\/v2\/users\/2"}],"replies":[{"embeddable":true,"href":"https:\/\/dgospel.com.br\/portal\/index.php\/wp-json\/wp\/v2\/comments?post=20576"}],"version-history":[{"count":1,"href":"https:\/\/dgospel.com.br\/portal\/index.php\/wp-json\/wp\/v2\/posts\/20576\/revisions"}],"predecessor-version":[{"id":20578,"href":"https:\/\/dgospel.com.br\/portal\/index.php\/wp-json\/wp\/v2\/posts\/20576\/revisions\/20578"}],"wp:featuredmedia":[{"embeddable":true,"href":"https:\/\/dgospel.com.br\/portal\/index.php\/wp-json\/wp\/v2\/media\/20577"}],"wp:attachment":[{"href":"https:\/\/dgospel.com.br\/portal\/index.php\/wp-json\/wp\/v2\/media?parent=20576"}],"wp:term":[{"taxonomy":"category","embeddable":true,"href":"https:\/\/dgospel.com.br\/portal\/index.php\/wp-json\/wp\/v2\/categories?post=20576"},{"taxonomy":"post_tag","embeddable":true,"href":"https:\/\/dgospel.com.br\/portal\/index.php\/wp-json\/wp\/v2\/tags?post=20576"}],"curies":[{"name":"wp","href":"https:\/\/api.w.org\/{rel}","templated":true}]}}