{"id":20579,"date":"2024-08-30T08:39:06","date_gmt":"2024-08-30T11:39:06","guid":{"rendered":"https:\/\/dgospel.com.br\/portal\/?p=20579"},"modified":"2024-08-30T10:37:00","modified_gmt":"2024-08-30T13:37:00","slug":"incendios-pantanal-ja-perdeu-este-ano-mais-de-15-do-bioma","status":"publish","type":"post","link":"https:\/\/dgospel.com.br\/portal\/index.php\/2024\/08\/30\/incendios-pantanal-ja-perdeu-este-ano-mais-de-15-do-bioma\/","title":{"rendered":"Inc\u00eandios: Pantanal j\u00e1 perdeu este ano mais de 15% do bioma"},"content":{"rendered":"\n<p>Desde o in\u00edcio deste ano, 2,3 milh\u00f5es de hectares, o equivalente a 15,61% do Pantanal, j\u00e1 foram atingidos pelos inc\u00eandios que afetam o bioma, segundo o Laborat\u00f3rio de Aplica\u00e7\u00f5es de Sat\u00e9lites Ambientais da Universidade Federal do Rio de Janeiro (Lasa-UFRJ).<\/p>\n\n\n\n<p>Ap\u00f3s a passagem de uma frente fria, um novo alerta de perigo extremo de fogo do Sistema de Alarmes do Lasa-UFRJ foi divulgado com previs\u00f5es para a Bacia do Paraguai, no Pantanal. Segundo o informativo, at\u00e9 o pr\u00f3ximo s\u00e1bado (31), a maior parte da regi\u00e3o volta a apresentar condi\u00e7\u00f5es clim\u00e1ticas que dificultam o combate a inc\u00eandios mesmo por meios a\u00e9reos, com alta velocidade de propaga\u00e7\u00e3o do fogo.<\/p>\n\n\n\n<p>Na soma de todas as terras ind\u00edgenas que integram o bioma, foram consumidos mais de 371 mil hectares. A maior parte foi na Terra Ind\u00edgena Kadiw\u00e9u, onde o fogo atingiu mais de 357 mil hectares, que equivale a 66,4% do territ\u00f3rio.<\/p>\n\n\n\n<p>Segundo o \u00faltimo boletim divulgado pelo Minist\u00e9rio do Meio Ambiente e Mudan\u00e7a do Clima (MMA), no dia 20 de agosto, 959 profissionais atuam no combate aos inc\u00eandios, com o apoio de 18 aeronaves. At\u00e9 18 de agosto, 569 animais silvestres haviam sido resgatados.<\/p>\n\n\n\n<p>Na \u00faltima ter\u00e7a-feira (27), o Supremo Tribunal Federal determinou o prazo de 15 dias para que o governo federal reforce o n\u00famero de pessoas e de equipamentos no combate ao fogo no Pantanal e na Amaz\u00f4nia por entender que a atua\u00e7\u00e3o do governo era ineficaz. No dia 10 de setembro, o cumprimento da medida dever\u00e1 ser avaliado em audi\u00eancia de concilia\u00e7\u00e3o que tratar\u00e1 de tr\u00eas A\u00e7\u00f5es de Descumprimento de Preceito Fundamental (ADPFs) que tratam do tema.<\/p>\n\n\n\n<p>A gest\u00e3o petista tem de lidar com os desafios de uma quest\u00e3o que tantas vezes imputou culpa ao governo do ex-presidente Jair Bolsonaro (PL), e agora se v\u00ea como objeto de cr\u00edtica sob a incapacidade de gest\u00e3o ambiental.<\/p>\n\n\n\n<p>*Com informa\u00e7\u00f5es Ag\u00eancia Brasil<\/p>\n","protected":false},"excerpt":{"rendered":"<p>Desde o in\u00edcio deste ano, 2,3 milh\u00f5es de hectares, o equivalente a 15,61% do Pantanal, j\u00e1 foram atingidos pelos inc\u00eandios que afetam o bioma, segundo o Laborat\u00f3rio de Aplica\u00e7\u00f5es de Sat\u00e9lites Ambientais da Universidade Federal do Rio de Janeiro (Lasa-UFRJ). Ap\u00f3s a passagem de uma frente fria, um novo alerta de perigo extremo de fogo [&hellip;]<\/p>\n","protected":false},"author":2,"featured_media":20580,"comment_status":"open","ping_status":"open","sticky":false,"template":"","format":"standard","meta":[],"categories":[11,12],"tags":[],"_links":{"self":[{"href":"https:\/\/dgospel.com.br\/portal\/index.php\/wp-json\/wp\/v2\/posts\/20579"}],"collection":[{"href":"https:\/\/dgospel.com.br\/portal\/index.php\/wp-json\/wp\/v2\/posts"}],"about":[{"href":"https:\/\/dgospel.com.br\/portal\/index.php\/wp-json\/wp\/v2\/types\/post"}],"author":[{"embeddable":true,"href":"https:\/\/dgospel.com.br\/portal\/index.php\/wp-json\/wp\/v2\/users\/2"}],"replies":[{"embeddable":true,"href":"https:\/\/dgospel.com.br\/portal\/index.php\/wp-json\/wp\/v2\/comments?post=20579"}],"version-history":[{"count":1,"href":"https:\/\/dgospel.com.br\/portal\/index.php\/wp-json\/wp\/v2\/posts\/20579\/revisions"}],"predecessor-version":[{"id":20581,"href":"https:\/\/dgospel.com.br\/portal\/index.php\/wp-json\/wp\/v2\/posts\/20579\/revisions\/20581"}],"wp:featuredmedia":[{"embeddable":true,"href":"https:\/\/dgospel.com.br\/portal\/index.php\/wp-json\/wp\/v2\/media\/20580"}],"wp:attachment":[{"href":"https:\/\/dgospel.com.br\/portal\/index.php\/wp-json\/wp\/v2\/media?parent=20579"}],"wp:term":[{"taxonomy":"category","embeddable":true,"href":"https:\/\/dgospel.com.br\/portal\/index.php\/wp-json\/wp\/v2\/categories?post=20579"},{"taxonomy":"post_tag","embeddable":true,"href":"https:\/\/dgospel.com.br\/portal\/index.php\/wp-json\/wp\/v2\/tags?post=20579"}],"curies":[{"name":"wp","href":"https:\/\/api.w.org\/{rel}","templated":true}]}}