{"id":2058,"date":"2018-12-13T16:32:45","date_gmt":"2018-12-13T18:32:45","guid":{"rendered":"http:\/\/dgospel.com.br\/portal\/?p=2058"},"modified":"2018-12-13T16:32:45","modified_gmt":"2018-12-13T18:32:45","slug":"prefeitura-de-presidente-kennedy-abre-concurso-com-99-vagas-e-salarios-de-ate-r-9-mil","status":"publish","type":"post","link":"https:\/\/dgospel.com.br\/portal\/index.php\/2018\/12\/13\/prefeitura-de-presidente-kennedy-abre-concurso-com-99-vagas-e-salarios-de-ate-r-9-mil\/","title":{"rendered":"Prefeitura de Presidente Kennedy abre concurso com 99 vagas e sal\u00e1rios de at\u00e9 R$ 9 mil"},"content":{"rendered":"<div class=\"mc-column content-text active-extra-styles active-capital-letter\" data-block-type=\"unstyled\" data-block-weight=\"45\" data-block-id=\"1\">\n<p class=\"content-text__container theme-color-primary-first-letter\" data-track-category=\"Link no Texto\" data-track-links=\"\">A Prefeitura de Presidente Kennedy abriu edital de concurso p\u00fablico para o quadro geral do munic\u00edpio. S\u00e3o 99 vagas imediatas para cargos de n\u00edvel fundamental, m\u00e9dio, t\u00e9cnico e superior, al\u00e9m da forma\u00e7\u00e3o de cadastro reserva. Os sal\u00e1rios variam de R$ 954 a R$ 9 mil.<\/p>\n<\/div>\n<div class=\"wall protected-content\">\n<div class=\"mc-column content-text active-extra-styles \" data-block-type=\"unstyled\" data-block-weight=\"31\" data-block-id=\"2\">\n<p class=\"content-text__container \" data-track-category=\"Link no Texto\" data-track-links=\"\">As inscri\u00e7\u00f5es ser\u00e3o feitas pela internet at\u00e9 \u00e0s 23h59 do dia 20 de janeiro de 2019. O concurso ser\u00e1 realizado pelo Instituto de Capacita\u00e7\u00e3o Assessoria e Pesquisa (Icap).\u00a0<a href=\"https:\/\/concursos.icap-to.com.br\/informacoes\/56\/\" target=\"_blank\" rel=\"noopener\">Veja o edital.<\/a><\/p>\n<\/div>\n<div class=\"mc-column content-text active-extra-styles \" data-block-type=\"unstyled\" data-block-weight=\"42\" data-block-id=\"3\">\n<p class=\"content-text__container \" data-track-category=\"Link no Texto\" data-track-links=\"\">O valor da taxa de inscri\u00e7\u00e3o \u00e9 de R$ 70 para os cargos de n\u00edvel fundamental. Para os n\u00edveis m\u00e9dio e t\u00e9cnico, a inscri\u00e7\u00e3o \u00e9 de R$ 80. No caso dos cargos que exigem curso superior, a taxa \u00e9 de R$ 100.<\/p>\n<\/div>\n<div class=\"mc-column content-text active-extra-styles \" data-block-type=\"unstyled\" data-block-weight=\"29\" data-block-id=\"4\">\n<p class=\"content-text__container \" data-track-category=\"Link no Texto\" data-track-links=\"\">Os boletos precisam ser pagos at\u00e9 o dia 21 de janeiro de 2019. Os candidatos tamb\u00e9m poder\u00e3o pedir isen\u00e7\u00e3o da taxa entre os dias 10 e 13 de dezembro.<\/p>\n<\/div>\n<div class=\"mc-column content-text active-extra-styles \" data-block-type=\"unstyled\" data-block-weight=\"38\" data-block-id=\"5\">\n<p class=\"content-text__container \" data-track-category=\"Link no Texto\" data-track-links=\"\">As provas objetivas est\u00e3o marcadas para o dia 17 de fevereiro de 2019. Durante a manh\u00e3 ser\u00e3o as avalia\u00e7\u00f5es do n\u00edvel fundamental e superior. Os cargos de n\u00edvel m\u00e9dio e t\u00e9cnico ter\u00e3o as provas no per\u00edodo da tarde.<\/p>\n<\/div>\n<div class=\"mc-column content-text active-extra-styles \" data-block-type=\"unstyled\" data-block-weight=\"12\" data-block-id=\"6\">\n<p class=\"content-text__container \" data-track-category=\"Link no Texto\" data-track-links=\"\">A divulga\u00e7\u00e3o dos resultados est\u00e1 prevista para o dia 25 de mar\u00e7o.<\/p>\n<\/div>\n<div class=\"mc-column content-text active-extra-styles\" data-block-type=\"raw\" data-block-weight=\"6\" data-block-id=\"7\">\n<div class=\"content-intertitle\">\n<h2>Confira os cargos e vagas dispon\u00edveis:<\/h2>\n<\/div>\n<\/div>\n<div class=\"mc-column content-text active-extra-styles \" data-block-type=\"unstyled\" data-block-weight=\"1\" data-block-id=\"8\">\n<p class=\"content-text__container \" data-track-category=\"Link no Texto\" data-track-links=\"\"><strong>Fundamental<\/strong><\/p>\n<\/div>\n<div class=\"mc-column content-text active-extra-styles\" data-block-type=\"raw\" data-block-weight=\"24\" data-block-id=\"9\">\n<ul class=\"content-unordered-list\">\n<li>Gente de limpeza p\u00fablica \u2013 12 vagas<\/li>\n<li>Auxiliar de servi\u00e7os gerais \u2013 6 vagas e cadastro reserva<\/li>\n<li>Vigia \u2013 5 vagas e cadastro reserva<\/li>\n<\/ul>\n<\/div>\n<div class=\"mc-column content-text active-extra-styles \" data-block-type=\"unstyled\" data-block-weight=\"1\" data-block-id=\"10\">\n<p class=\"content-text__container \" data-track-category=\"Link no Texto\" data-track-links=\"\"><strong>M\u00e9dio<\/strong><\/p>\n<\/div>\n<div class=\"mc-column content-text active-extra-styles\" data-block-type=\"raw\" data-block-weight=\"87\" data-block-id=\"11\">\n<ul class=\"content-unordered-list\">\n<li>Assistente administrativo \u2013 7 vagas e cadastro reserva<\/li>\n<li>Agente comunit\u00e1rio de sa\u00fade \u2013 1 vaga<\/li>\n<li>Agente de combate a endemias &#8211; 5 vagas e cadastro de reserva<\/li>\n<li>Agente de urbanismo &#8211; 2 vagas e adastro de reserva<\/li>\n<li>Cuidador infantil \u2013 2 vagas<\/li>\n<li>Educador social \u2013 1 vaga e cadastro de reserva<\/li>\n<li>Fiscal de postura \u2013 2 e cadastro de reserva<\/li>\n<li>Motorista \u2013 9 vagas e cadastro de reserva<\/li>\n<li>Operador de m\u00e1quinas \u2013 2 vagas e cadastro de reserva<\/li>\n<li>Secretaria escolar &#8211; 1 vaga e cadastro de reserva<\/li>\n<\/ul>\n<\/div>\n<div class=\"mc-column content-text active-extra-styles \" data-block-type=\"unstyled\" data-block-weight=\"2\" data-block-id=\"12\">\n<p class=\"content-text__container \" data-track-category=\"Link no Texto\" data-track-links=\"\"><strong>M\u00e9dio T\u00e9cnico<\/strong><\/p>\n<\/div>\n<div class=\"mc-column content-text active-extra-styles\" data-block-type=\"raw\" data-block-weight=\"10\" data-block-id=\"13\">\n<ul class=\"content-unordered-list\">\n<li>T\u00e9cnico em enfermagem &#8211; 5 vagas e cadastro de reserva<\/li>\n<\/ul>\n<\/div>\n<div class=\"mc-column content-text active-extra-styles \" data-block-type=\"unstyled\" data-block-weight=\"1\" data-block-id=\"14\">\n<p class=\"content-text__container \" data-track-category=\"Link no Texto\" data-track-links=\"\"><strong>Superior<\/strong><\/p>\n<\/div>\n<div class=\"mc-column content-text active-extra-styles\" data-block-type=\"raw\" data-block-weight=\"178\" data-block-id=\"15\">\n<ul class=\"content-unordered-list\">\n<li>Agente de desenvolvimento e extens\u00e3o rural \u2013 1 vaga e cadastro de reserva<\/li>\n<li>Analista jur\u00eddico \u2013 1 vaga e cadastro de reserva<\/li>\n<li>Coordenador pedag\u00f3gico \u2013 1 vaga<\/li>\n<li>Coordenador de planejamento \u2013 1 vaga<\/li>\n<li>Educador fisico \u2013 1 vaga<\/li>\n<li>Enfermeiro 20 h \u2013 2 vagas e cadastro de reserva<\/li>\n<li>Enfermeiro 30 h \u2013 2 vagas e cadastro de reserva<\/li>\n<li>Farmac\u00eautico \u2013 2 vagas e cadastro de reserva<\/li>\n<li>Fiscal ambiental \u2013 1 vaga e cadastro de reserva<\/li>\n<li>Fisioterapeuta \u2013 2 vagas e cadastro de reserva<\/li>\n<li>Inspetor municipal &#8211; 2 vagas e cadastro de reserva<\/li>\n<li>Inspetor de apoio escolar \u2013 1 vaga e cadastro de reserva<\/li>\n<li>M\u00e9dico \u2013 2 vagas<\/li>\n<li>Nutricionista \u2013 2 vagas e cadastro de reserva<\/li>\n<li>Odont\u00f3logo \u2013 2 vagas<\/li>\n<li>Professor \u2013 6 vagas e cadastro de reserva<\/li>\n<li>Psic\u00f3logo \u2013 2 vagas e cadastro de reserva<\/li>\n<li>Supervisor escolar \u2013 1 vaga<\/li>\n<li>Assistente social \u2013 1 vaga<\/li>\n<li>T\u00e9cnico de prote\u00e7\u00e3o b\u00e1sica (psic\u00f3logo) \u2013 1 vaga<\/li>\n<li>T\u00e9cnico de prote\u00e7\u00e3o especial \u2013 1 vaga<\/li>\n<li>T\u00e9cnico de vigil\u00e2ncia socioassistencial \u2013 1 vaga e cadastro de reserva<\/li>\n<li>Veterin\u00e1rio \u2013 1 vaga e cadastro reserva.<\/li>\n<\/ul>\n<p>Fonte:\u00a0G1 Tocantins<\/p>\n<\/div>\n<\/div>\n","protected":false},"excerpt":{"rendered":"<p>A Prefeitura de Presidente Kennedy abriu edital de concurso p\u00fablico para o quadro geral do munic\u00edpio. S\u00e3o 99 vagas imediatas para cargos de n\u00edvel fundamental, m\u00e9dio, t\u00e9cnico e superior, al\u00e9m da forma\u00e7\u00e3o de cadastro reserva. Os sal\u00e1rios variam de R$ 954 a R$ 9 mil. As inscri\u00e7\u00f5es ser\u00e3o feitas pela internet at\u00e9 \u00e0s 23h59 do [&hellip;]<\/p>\n","protected":false},"author":2,"featured_media":2059,"comment_status":"open","ping_status":"open","sticky":false,"template":"","format":"standard","meta":[],"categories":[2,3],"tags":[],"_links":{"self":[{"href":"https:\/\/dgospel.com.br\/portal\/index.php\/wp-json\/wp\/v2\/posts\/2058"}],"collection":[{"href":"https:\/\/dgospel.com.br\/portal\/index.php\/wp-json\/wp\/v2\/posts"}],"about":[{"href":"https:\/\/dgospel.com.br\/portal\/index.php\/wp-json\/wp\/v2\/types\/post"}],"author":[{"embeddable":true,"href":"https:\/\/dgospel.com.br\/portal\/index.php\/wp-json\/wp\/v2\/users\/2"}],"replies":[{"embeddable":true,"href":"https:\/\/dgospel.com.br\/portal\/index.php\/wp-json\/wp\/v2\/comments?post=2058"}],"version-history":[{"count":1,"href":"https:\/\/dgospel.com.br\/portal\/index.php\/wp-json\/wp\/v2\/posts\/2058\/revisions"}],"predecessor-version":[{"id":2060,"href":"https:\/\/dgospel.com.br\/portal\/index.php\/wp-json\/wp\/v2\/posts\/2058\/revisions\/2060"}],"wp:featuredmedia":[{"embeddable":true,"href":"https:\/\/dgospel.com.br\/portal\/index.php\/wp-json\/wp\/v2\/media\/2059"}],"wp:attachment":[{"href":"https:\/\/dgospel.com.br\/portal\/index.php\/wp-json\/wp\/v2\/media?parent=2058"}],"wp:term":[{"taxonomy":"category","embeddable":true,"href":"https:\/\/dgospel.com.br\/portal\/index.php\/wp-json\/wp\/v2\/categories?post=2058"},{"taxonomy":"post_tag","embeddable":true,"href":"https:\/\/dgospel.com.br\/portal\/index.php\/wp-json\/wp\/v2\/tags?post=2058"}],"curies":[{"name":"wp","href":"https:\/\/api.w.org\/{rel}","templated":true}]}}