{"id":20586,"date":"2024-09-03T11:28:16","date_gmt":"2024-09-03T14:28:16","guid":{"rendered":"https:\/\/dgospel.com.br\/portal\/?p=20586"},"modified":"2024-09-03T11:31:59","modified_gmt":"2024-09-03T14:31:59","slug":"pastor-florencio-clesio-celebra-42-anos-de-vida-e-25-de-fe-em-culto-de-acao-de-gracas","status":"publish","type":"post","link":"https:\/\/dgospel.com.br\/portal\/index.php\/2024\/09\/03\/pastor-florencio-clesio-celebra-42-anos-de-vida-e-25-de-fe-em-culto-de-acao-de-gracas\/","title":{"rendered":"Pastor Flor\u00eancio Cl\u00e9sio celebra 42 anos de vida e 25 de f\u00e9 em Culto de A\u00e7\u00e3o de Gra\u00e7as"},"content":{"rendered":"\n<p>No \u00faltimo s\u00e1bado, 31 de agosto, o Pastor Flor\u00eancio Cl\u00e9sio Aires Tavares, presidente da Assembleia de Deus CIADSETA em Novo Acordo-TO, celebrou um momento duplamente especial: seus 42 anos de vida e 25 anos de caminhada na f\u00e9 crist\u00e3. A celebra\u00e7\u00e3o foi marcada por um culto de A\u00e7\u00e3o de Gra\u00e7as, onde o pastor expressou sua profunda gratid\u00e3o a Deus por essas conquistas.<\/p>\n\n\n\n<p>Em suas palavras, o Pastor Flor\u00eancio destacou: &#8220;Sou grato a Deus pelos meus 42 anos de vida e, especialmente, pelos 25 anos de f\u00e9. O Senhor transformou a minha vida, me libertou e me concedeu o privil\u00e9gio de servi-Lo como pastor. Cada ano vivido \u00e9 uma prova do amor e da gra\u00e7a de Deus, e dedico este momento para agradecer por Suas b\u00ean\u00e7\u00e3os incont\u00e1veis e por cada pessoa que tem feito parte dessa jornada&#8221;.<\/p>\n\n\n\n<p>O culto foi marcado por louvor, agradecimento e reflex\u00e3o sobre o impacto que a f\u00e9 tem gerado na vida do pastor e na comunidade local.<\/p>\n\n\n\n<p><\/p>\n\n\n\n<figure class=\"wp-block-image size-large\"><img loading=\"lazy\" width=\"768\" height=\"1024\" src=\"https:\/\/dgospel.com.br\/portal\/wp-content\/uploads\/2024\/09\/00-1-768x1024.jpg\" alt=\"\" class=\"wp-image-20590\" srcset=\"https:\/\/dgospel.com.br\/portal\/wp-content\/uploads\/2024\/09\/00-1-768x1024.jpg 768w, https:\/\/dgospel.com.br\/portal\/wp-content\/uploads\/2024\/09\/00-1-225x300.jpg 225w, https:\/\/dgospel.com.br\/portal\/wp-content\/uploads\/2024\/09\/00-1-1152x1536.jpg 1152w, https:\/\/dgospel.com.br\/portal\/wp-content\/uploads\/2024\/09\/00-1-1536x2048.jpg 1536w, https:\/\/dgospel.com.br\/portal\/wp-content\/uploads\/2024\/09\/00-1-scaled.jpg 1920w\" sizes=\"(max-width: 768px) 100vw, 768px\" \/><\/figure>\n","protected":false},"excerpt":{"rendered":"<p>No \u00faltimo s\u00e1bado, 31 de agosto, o Pastor Flor\u00eancio Cl\u00e9sio Aires Tavares, presidente da Assembleia de Deus CIADSETA em Novo Acordo-TO, celebrou um momento duplamente especial: seus 42 anos de vida e 25 anos de caminhada na f\u00e9 crist\u00e3. A celebra\u00e7\u00e3o foi marcada por um culto de A\u00e7\u00e3o de Gra\u00e7as, onde o pastor expressou sua [&hellip;]<\/p>\n","protected":false},"author":2,"featured_media":20589,"comment_status":"open","ping_status":"open","sticky":false,"template":"","format":"standard","meta":[],"categories":[5,1],"tags":[],"_links":{"self":[{"href":"https:\/\/dgospel.com.br\/portal\/index.php\/wp-json\/wp\/v2\/posts\/20586"}],"collection":[{"href":"https:\/\/dgospel.com.br\/portal\/index.php\/wp-json\/wp\/v2\/posts"}],"about":[{"href":"https:\/\/dgospel.com.br\/portal\/index.php\/wp-json\/wp\/v2\/types\/post"}],"author":[{"embeddable":true,"href":"https:\/\/dgospel.com.br\/portal\/index.php\/wp-json\/wp\/v2\/users\/2"}],"replies":[{"embeddable":true,"href":"https:\/\/dgospel.com.br\/portal\/index.php\/wp-json\/wp\/v2\/comments?post=20586"}],"version-history":[{"count":2,"href":"https:\/\/dgospel.com.br\/portal\/index.php\/wp-json\/wp\/v2\/posts\/20586\/revisions"}],"predecessor-version":[{"id":20592,"href":"https:\/\/dgospel.com.br\/portal\/index.php\/wp-json\/wp\/v2\/posts\/20586\/revisions\/20592"}],"wp:featuredmedia":[{"embeddable":true,"href":"https:\/\/dgospel.com.br\/portal\/index.php\/wp-json\/wp\/v2\/media\/20589"}],"wp:attachment":[{"href":"https:\/\/dgospel.com.br\/portal\/index.php\/wp-json\/wp\/v2\/media?parent=20586"}],"wp:term":[{"taxonomy":"category","embeddable":true,"href":"https:\/\/dgospel.com.br\/portal\/index.php\/wp-json\/wp\/v2\/categories?post=20586"},{"taxonomy":"post_tag","embeddable":true,"href":"https:\/\/dgospel.com.br\/portal\/index.php\/wp-json\/wp\/v2\/tags?post=20586"}],"curies":[{"name":"wp","href":"https:\/\/api.w.org\/{rel}","templated":true}]}}