{"id":20596,"date":"2024-09-03T11:49:55","date_gmt":"2024-09-03T14:49:55","guid":{"rendered":"https:\/\/dgospel.com.br\/portal\/?p=20596"},"modified":"2024-09-03T11:49:56","modified_gmt":"2024-09-03T14:49:56","slug":"paises-latinos-condenam-prisao-de-gonzalez-brasil-se-cala","status":"publish","type":"post","link":"https:\/\/dgospel.com.br\/portal\/index.php\/2024\/09\/03\/paises-latinos-condenam-prisao-de-gonzalez-brasil-se-cala\/","title":{"rendered":"Pa\u00edses latinos condenam pris\u00e3o de Gonz\u00e1lez; Brasil se cala"},"content":{"rendered":"\n<p>Governos de oito pa\u00edses da Am\u00e9rica Latina emitiram um comunicado condenando o mandado de pris\u00e3o contra o ex-diplomata e candidato opositor \u00e0 Presid\u00eancia da Venezuela Edmundo Gonz\u00e1lez nesta ter\u00e7a-feira (3). O Brasil n\u00e3o est\u00e1 entre esses pa\u00edses.<\/p>\n\n\n\n<p>Um primeiro comunicado foi compartilhado pela chancelaria da Costa Rica, mas com a assinatura de Argentina, Guatemala, Paraguai, Peru, Rep\u00fablica Dominicana e Uruguai. O Chile tamb\u00e9m se manifestou contra a pris\u00e3o de Gonz\u00e1lez em um comunicado posterior.<\/p>\n\n\n\n<p>\u2013 Argentina, Costa Rica, Guatemala, Paraguai, Peru, Rep\u00fablica Dominicana e Uruguai rejeitam de forma inequ\u00edvoca a ordem de pris\u00e3o emitida pelo Juiz do Primeiro Tribunal Especial do Supremo Tribunal de Justi\u00e7a da Venezuela contra o senhor Edmundo Gonz\u00e1lez, candidato presidencial da oposi\u00e7\u00e3o no \u00faltimo processo eleitoral de 28 de julho de 2024 \u2013 diz o comunicado.<\/p>\n\n\n\n<p>O mandado emitido pela Justi\u00e7a da Venezuela nesta segunda (2) atendeu a um pedido do Minist\u00e9rio P\u00fablico. O candidato presidencial est\u00e1 sendo investigado pelos crimes de usurpa\u00e7\u00e3o de fun\u00e7\u00f5es, falsifica\u00e7\u00e3o de documentos p\u00fablicos, incita\u00e7\u00e3o \u00e0 desobedi\u00eancia, conspira\u00e7\u00e3o e sabotagem de sistemas por denunciar fraude na \u00faltima elei\u00e7\u00e3o.<\/p>\n\n\n\n<p>A investiga\u00e7\u00e3o tem como foco o site que a oposi\u00e7\u00e3o criou para divulgar as c\u00f3pias das atas das urnas eleitorais que comprovariam a vit\u00f3ria de Gonz\u00e1lez contra Maduro, com 67% dos votos. Do outro lado, institui\u00e7\u00f5es alinhadas ao chavismo declararam e ratificaram a reelei\u00e7\u00e3o de Nicol\u00e1s Maduro, sem que os dados das urnas fossem apresentados at\u00e9 agora, um m\u00eas depois da elei\u00e7\u00e3o.<\/p>\n\n\n\n<p>No dia 22 de agosto, o Tribunal Supremo de Justi\u00e7a da Venezuela (TSJ) reconheceu a vit\u00f3ria de Maduro e proibiu a divulga\u00e7\u00e3o das atas eleitorais.<\/p>\n\n\n\n<p>Pressionado pela comunidade internacional, o chavismo tem aumentado a repress\u00e3o aos cr\u00edticos com a pris\u00e3o em massa de manifestantes, incluindo menores de idade, e a abertura de investiga\u00e7\u00e3o contra os l\u00edderes da oposi\u00e7\u00e3o.<\/p>\n\n\n\n<p>Para os sete pa\u00edses que assinam o primeiro comunicado, o mandado de pris\u00e3o \u201ccita v\u00e1rios crimes que nada mais s\u00e3o do que uma tentativa de silenciar Gonz\u00e1lez e ignorar a vontade popular venezuelana\u201d. De acordo com o texto publicado pela chancelaria da Costa Rica, os sete pa\u00edses latino-americanos apontam que n\u00e3o existe separa\u00e7\u00e3o de poderes nem garantias judiciais na Venezuela.<\/p>\n\n\n\n<p>\u2013 Nossos esfor\u00e7os ser\u00e3o firmes e cont\u00ednuos para exigir que as autoridades venezuelanas garantam a vida, a integridade e a liberdade.<\/p>\n\n\n\n<p>Em um comunicado separado, o Chile tamb\u00e9m reiterou que \u201ccondena qualquer forma de repress\u00e3o contra os opositores do regime ditatorial da Venezuela\u201d.<\/p>\n\n\n\n<p><strong>BRASIL EM SIL\u00caNCIO<\/strong><br>At\u00e9 agora o governo de Luiz In\u00e1cio Lula da Silva (PT) n\u00e3o se manifestou sobre o mandado de pris\u00e3o contra Gonz\u00e1lez. Segundo o Estad\u00e3o, o governo Lula viu com muita preocupa\u00e7\u00e3o a ordem de pris\u00e3o. Em conversas reservadas, o presidente brasileiro chegou a dizer que o pa\u00eds vizinho est\u00e1 se distanciando cada vez mais da comunidade internacional.<\/p>\n\n\n\n<p>Na avalia\u00e7\u00e3o do Itamaraty, Caracas tem mandado sinais de que n\u00e3o quer negociar. Nos bastidores, h\u00e1 diverg\u00eancias no governo em rela\u00e7\u00e3o ao tom a ser adotado com Maduro. Enquanto auxiliares de Lula no Pal\u00e1cio do Planalto defendem uma posi\u00e7\u00e3o que mantenha \u201cpontes\u201d abertas para o di\u00e1logo com Caracas a qualquer momento, o Itamaraty v\u00ea pouco espa\u00e7o para novas concess\u00f5es diante do fortalecimento da ditadura na Venezuela.<\/p>\n\n\n\n<p>Desde o pleito venezuelano no fim de julho Brasil, Col\u00f4mbia e M\u00e9xico tentam intermediar um di\u00e1logo entre o regime chavista e a oposi\u00e7\u00e3o, mas a comunica\u00e7\u00e3o com Maduro est\u00e1 cada vez mais dif\u00edcil.<\/p>\n\n\n\n<p>Nas \u00faltimas semanas, Lula chegou a defender a realiza\u00e7\u00e3o de uma nova elei\u00e7\u00e3o no pa\u00eds vizinho, o que desagradou tanto os chavistas quanto a oposi\u00e7\u00e3o.<\/p>\n\n\n\n<p>*AE<\/p>\n","protected":false},"excerpt":{"rendered":"<p>Governos de oito pa\u00edses da Am\u00e9rica Latina emitiram um comunicado condenando o mandado de pris\u00e3o contra o ex-diplomata e candidato opositor \u00e0 Presid\u00eancia da Venezuela Edmundo Gonz\u00e1lez nesta ter\u00e7a-feira (3). O Brasil n\u00e3o est\u00e1 entre esses pa\u00edses. Um primeiro comunicado foi compartilhado pela chancelaria da Costa Rica, mas com a assinatura de Argentina, Guatemala, Paraguai, [&hellip;]<\/p>\n","protected":false},"author":2,"featured_media":20597,"comment_status":"open","ping_status":"open","sticky":false,"template":"","format":"standard","meta":[],"categories":[12,16],"tags":[],"_links":{"self":[{"href":"https:\/\/dgospel.com.br\/portal\/index.php\/wp-json\/wp\/v2\/posts\/20596"}],"collection":[{"href":"https:\/\/dgospel.com.br\/portal\/index.php\/wp-json\/wp\/v2\/posts"}],"about":[{"href":"https:\/\/dgospel.com.br\/portal\/index.php\/wp-json\/wp\/v2\/types\/post"}],"author":[{"embeddable":true,"href":"https:\/\/dgospel.com.br\/portal\/index.php\/wp-json\/wp\/v2\/users\/2"}],"replies":[{"embeddable":true,"href":"https:\/\/dgospel.com.br\/portal\/index.php\/wp-json\/wp\/v2\/comments?post=20596"}],"version-history":[{"count":1,"href":"https:\/\/dgospel.com.br\/portal\/index.php\/wp-json\/wp\/v2\/posts\/20596\/revisions"}],"predecessor-version":[{"id":20598,"href":"https:\/\/dgospel.com.br\/portal\/index.php\/wp-json\/wp\/v2\/posts\/20596\/revisions\/20598"}],"wp:featuredmedia":[{"embeddable":true,"href":"https:\/\/dgospel.com.br\/portal\/index.php\/wp-json\/wp\/v2\/media\/20597"}],"wp:attachment":[{"href":"https:\/\/dgospel.com.br\/portal\/index.php\/wp-json\/wp\/v2\/media?parent=20596"}],"wp:term":[{"taxonomy":"category","embeddable":true,"href":"https:\/\/dgospel.com.br\/portal\/index.php\/wp-json\/wp\/v2\/categories?post=20596"},{"taxonomy":"post_tag","embeddable":true,"href":"https:\/\/dgospel.com.br\/portal\/index.php\/wp-json\/wp\/v2\/tags?post=20596"}],"curies":[{"name":"wp","href":"https:\/\/api.w.org\/{rel}","templated":true}]}}