{"id":20599,"date":"2024-09-03T12:27:22","date_gmt":"2024-09-03T15:27:22","guid":{"rendered":"https:\/\/dgospel.com.br\/portal\/?p=20599"},"modified":"2024-09-03T12:42:04","modified_gmt":"2024-09-03T15:42:04","slug":"impeachment-de-moraes-146-deputados-ja-assinaram-o-pedido","status":"publish","type":"post","link":"https:\/\/dgospel.com.br\/portal\/index.php\/2024\/09\/03\/impeachment-de-moraes-146-deputados-ja-assinaram-o-pedido\/","title":{"rendered":"Impeachment de Moraes: 146 deputados j\u00e1 assinaram o pedido"},"content":{"rendered":"\n<p>Nesta segunda-feira (2), o n\u00famero de deputados federais que assinaram o pedido de impeachment do ministro Alexandre de Moraes, do Supremo Tribunal Federal (STF), chegou a 146. Outros 274 n\u00e3o se posicionaram e 96 deputados s\u00e3o contra o impeachment de Moraes.<\/p>\n\n\n\n<p>O novo pedido se iniciou em 14 de agosto e \u00e9 uma rea\u00e7\u00e3o \u00e0s den\u00fancias contra Moraes, que foram publicadas pela Folha de S. Paulo, de suposto uso indevido da estrutura do Tribunal Superior Eleitoral para perseguir aliados do ex-presidente Jair Bolsonaro. O ministro negou as acusa\u00e7\u00f5es.<\/p>\n\n\n\n<p>O senador Eduardo Gir\u00e3o, do Novo do Cear\u00e1, disse que os parlamentares recolher\u00e3o assinaturas at\u00e9 7 de setembro para que o pedido de impeachment seja protocolado no dia 9.<\/p>\n\n\n\n<p>De acordo com Gir\u00e3o, os senadores n\u00e3o v\u00e3o votar no pedido, para n\u00e3o serem considerados impedidos no processo de julgamento.<\/p>\n\n\n\n<p>No in\u00edcio da campanha, o senador cearense declarou que espera apresentar o pedido no dia 9 de setembro, ap\u00f3s a grande manifesta\u00e7\u00e3o que est\u00e1 programada para acontecer na Avenida Paulista.<\/p>\n\n\n\n<p>\u2013 Iniciar essa campanha hoje e, no dia 7 de setembro, n\u00f3s vamos recolher os apoiamentos de parlamentares, de juristas, de brasileiros em geral, popula\u00e7\u00e3o, para no dia 9 de setembro, se Deus quiser, n\u00f3s apresentarmos aqui na presid\u00eancia do Senado esse pedido, que pode ser talvez o maior pedido de impeachment que a gente j\u00e1 teve na hist\u00f3ria do Brasil \u2013 declarou.<\/p>\n","protected":false},"excerpt":{"rendered":"<p>Nesta segunda-feira (2), o n\u00famero de deputados federais que assinaram o pedido de impeachment do ministro Alexandre de Moraes, do Supremo Tribunal Federal (STF), chegou a 146. Outros 274 n\u00e3o se posicionaram e 96 deputados s\u00e3o contra o impeachment de Moraes. O novo pedido se iniciou em 14 de agosto e \u00e9 uma rea\u00e7\u00e3o \u00e0s [&hellip;]<\/p>\n","protected":false},"author":2,"featured_media":20600,"comment_status":"open","ping_status":"open","sticky":false,"template":"","format":"standard","meta":[],"categories":[12,10],"tags":[],"_links":{"self":[{"href":"https:\/\/dgospel.com.br\/portal\/index.php\/wp-json\/wp\/v2\/posts\/20599"}],"collection":[{"href":"https:\/\/dgospel.com.br\/portal\/index.php\/wp-json\/wp\/v2\/posts"}],"about":[{"href":"https:\/\/dgospel.com.br\/portal\/index.php\/wp-json\/wp\/v2\/types\/post"}],"author":[{"embeddable":true,"href":"https:\/\/dgospel.com.br\/portal\/index.php\/wp-json\/wp\/v2\/users\/2"}],"replies":[{"embeddable":true,"href":"https:\/\/dgospel.com.br\/portal\/index.php\/wp-json\/wp\/v2\/comments?post=20599"}],"version-history":[{"count":1,"href":"https:\/\/dgospel.com.br\/portal\/index.php\/wp-json\/wp\/v2\/posts\/20599\/revisions"}],"predecessor-version":[{"id":20601,"href":"https:\/\/dgospel.com.br\/portal\/index.php\/wp-json\/wp\/v2\/posts\/20599\/revisions\/20601"}],"wp:featuredmedia":[{"embeddable":true,"href":"https:\/\/dgospel.com.br\/portal\/index.php\/wp-json\/wp\/v2\/media\/20600"}],"wp:attachment":[{"href":"https:\/\/dgospel.com.br\/portal\/index.php\/wp-json\/wp\/v2\/media?parent=20599"}],"wp:term":[{"taxonomy":"category","embeddable":true,"href":"https:\/\/dgospel.com.br\/portal\/index.php\/wp-json\/wp\/v2\/categories?post=20599"},{"taxonomy":"post_tag","embeddable":true,"href":"https:\/\/dgospel.com.br\/portal\/index.php\/wp-json\/wp\/v2\/tags?post=20599"}],"curies":[{"name":"wp","href":"https:\/\/api.w.org\/{rel}","templated":true}]}}