{"id":206,"date":"2018-05-16T16:00:14","date_gmt":"2018-05-16T19:00:14","guid":{"rendered":"http:\/\/dgospel.com.br\/portal\/?p=206"},"modified":"2018-05-16T16:20:15","modified_gmt":"2018-05-16T19:20:15","slug":"peticao-exige-que-brasil-tambem-transfira-sua-embaixada-em-israel-para-jerusalem","status":"publish","type":"post","link":"https:\/\/dgospel.com.br\/portal\/index.php\/2018\/05\/16\/peticao-exige-que-brasil-tambem-transfira-sua-embaixada-em-israel-para-jerusalem\/","title":{"rendered":"Peti\u00e7\u00e3o exige que Brasil tamb\u00e9m transfira sua embaixada em Israel para Jerusal\u00e9m"},"content":{"rendered":"<p>Na \u00faltima segunda-feira (14), Israel celebrou \u2013 conforme o calend\u00e1rio gregoriano \u2013 os 70 anos de sua independ\u00eancia, marcada pela vota\u00e7\u00e3o hist\u00f3rica na Assembleia Geral da ONU, que ordenou o in\u00edcio do Plano de Partilha da Palestina.<\/p>\n<p>Agora em 2018, Israel ganhou um significativo presente de anivers\u00e1rio: a inaugura\u00e7\u00e3o da embaixada dos EUA, que foi transferida de Tel Aviv para Jerusal\u00e9m, ap\u00f3s decis\u00e3o do governo Trump. Isto significa que a atual administra\u00e7\u00e3o dos Estados Unidos reconhece Jerusal\u00e9m como capital indivis\u00edvel de Israel e tal decis\u00e3o tem levado muitos crist\u00e3os e outros cidad\u00e3os brasileiros pr\u00f3-Israel a cobrarem tamb\u00e9m a mudan\u00e7a da embaixada brasileira de Tel Aviv para Jerusal\u00e9m.<\/p>\n<p>O\u00a0<strong><a href=\"https:\/\/guiame.com.br\/gospel\/israel\/joel-engel-pede-perdao-autoridades-de-israel-pela-postura-do-brasil-na-onu.html\">pastor Joel Engel<\/a><\/strong>\u00a0\u00e9 um dos l\u00edderes que t\u00eam exigido essa mudan\u00e7a na diplomacia, destacando que este \u00e9 o desejo da \u201cgrande maioria\u201d dos brasileiros.<\/p>\n<p>\u201cO governo precisa respeitar o desejo da grande maioria dos brasileiros e iniciar imediatamente a mudan\u00e7a da embaixada para Jerusal\u00e9m\u201d, afirmou o pastor.<\/p>\n<p>De maneira oportuna, a declara\u00e7\u00e3o feita pelo l\u00edder evang\u00e9lico foi dada exatamente na cidade onde nasceu o brasileiro Oswaldo Aranha. O diplomata marcou a hist\u00f3ria, presidindo a vota\u00e7\u00e3o da Assembleia Geral da ONU que levaria \u00e0 cria\u00e7\u00e3o do Estado de Israel em 1948.<\/p>\n<p>Engel fez refer\u00eancia \u00e0 participa\u00e7\u00e3o do diplomata brasileiro na vota\u00e7\u00e3o hist\u00f3rica h\u00e1 mais de 70 anos para convocar uma retomada dos la\u00e7os entre Brasil e Israel.<\/p>\n<p>\u201cOs brasileiros amam Israel, pois a grande maioria vive a cultura judaico-crist\u00e3. Portanto, quero pedir aos governantes brasileiros que coloquem a m\u00e3o na consci\u00eancia e fa\u00e7am aquilo que \u00e9 o desejo da maioria, mudando a embaixada do Brasil para Jerusal\u00e9m\u201d, continuou o pastor.<\/p>\n<p><strong>La\u00e7os Hist\u00f3ricos<\/strong><\/p>\n<p>A Assembleia Geral das Na\u00e7\u00f5es Unidas, presidida pelo brasileiro Oswaldo Aranha, ocorreu em 29 de novembro de 1947, e iniciou a divis\u00e3o do territ\u00f3rio na regi\u00e3o que antes pertencia ao Imp\u00e9rio Otomano. Essa decis\u00e3o resultou na declara\u00e7\u00e3o de independ\u00eancia de Israel, em 14 de maio de 1948, por David Ben-Gurion, chefe-executivo da Organiza\u00e7\u00e3o Sionista Mundial.<\/p>\n<p>Nos \u00faltimos anos o Brasil tem mudado a sua postura diplom\u00e1tica, acompanhando o voto dos pa\u00edses mu\u00e7ulmanos contra Israel nas \u00faltimas sess\u00f5es da Assembleia Geral das Na\u00e7\u00f5es Unidas, o que tem causado constrangimento para os brasileiros. Isso tem levado pastores, padres, pol\u00edticos e diversos l\u00edderes crist\u00e3os a criticarem a postura do governo.<\/p>\n<p>\u201cO Brasil sempre teve uma forte liga\u00e7\u00e3o com o Estado de Israel, pois os pa\u00edses compartilham dos mesmos ideais. Sendo assim, o governo precisa urgentemente demonstrar apoio ao status de Jerusal\u00e9m como capital de Israel\u201d, disse o pastor Joel Engel.<\/p>\n<p>Engel aproveitou a ocasi\u00e3o para lan\u00e7ar um abaixo-assinado pedindo a mudan\u00e7a da embaixada brasileira em Israel para Jerusal\u00e9m. O pastor evang\u00e9lico considera a mudan\u00e7a importante para refor\u00e7ar os la\u00e7os de amizade entre Brasil e Israel.\u00a0<strong>Para acessar e assinar o documento online,\u00a0<a href=\"https:\/\/www.change.org\/p\/minist%C3%A9rio-das-rela%C3%A7%C3%B5es-exteriores-do-brasil-queremos-a-mudan%C3%A7a-da-embaixada-brasileira-em-israel-para-jerusal%C3%A9m\">clique aqui<\/a>.<\/strong><\/p>\n<p>FONTE: GUIAME, COM INFORMA\u00c7\u00d5ES DO MINIST\u00c9RIO ENGEL<\/p>\n","protected":false},"excerpt":{"rendered":"<p>Na \u00faltima segunda-feira (14), Israel celebrou \u2013 conforme o calend\u00e1rio gregoriano \u2013 os 70 anos de sua independ\u00eancia, marcada pela vota\u00e7\u00e3o hist\u00f3rica na Assembleia Geral da ONU, que ordenou o in\u00edcio do Plano de Partilha da Palestina. Agora em 2018, Israel ganhou um significativo presente de anivers\u00e1rio: a inaugura\u00e7\u00e3o da embaixada dos EUA, que foi [&hellip;]<\/p>\n","protected":false},"author":2,"featured_media":208,"comment_status":"open","ping_status":"open","sticky":false,"template":"","format":"standard","meta":[],"categories":[2,10,5],"tags":[],"_links":{"self":[{"href":"https:\/\/dgospel.com.br\/portal\/index.php\/wp-json\/wp\/v2\/posts\/206"}],"collection":[{"href":"https:\/\/dgospel.com.br\/portal\/index.php\/wp-json\/wp\/v2\/posts"}],"about":[{"href":"https:\/\/dgospel.com.br\/portal\/index.php\/wp-json\/wp\/v2\/types\/post"}],"author":[{"embeddable":true,"href":"https:\/\/dgospel.com.br\/portal\/index.php\/wp-json\/wp\/v2\/users\/2"}],"replies":[{"embeddable":true,"href":"https:\/\/dgospel.com.br\/portal\/index.php\/wp-json\/wp\/v2\/comments?post=206"}],"version-history":[{"count":1,"href":"https:\/\/dgospel.com.br\/portal\/index.php\/wp-json\/wp\/v2\/posts\/206\/revisions"}],"predecessor-version":[{"id":209,"href":"https:\/\/dgospel.com.br\/portal\/index.php\/wp-json\/wp\/v2\/posts\/206\/revisions\/209"}],"wp:featuredmedia":[{"embeddable":true,"href":"https:\/\/dgospel.com.br\/portal\/index.php\/wp-json\/wp\/v2\/media\/208"}],"wp:attachment":[{"href":"https:\/\/dgospel.com.br\/portal\/index.php\/wp-json\/wp\/v2\/media?parent=206"}],"wp:term":[{"taxonomy":"category","embeddable":true,"href":"https:\/\/dgospel.com.br\/portal\/index.php\/wp-json\/wp\/v2\/categories?post=206"},{"taxonomy":"post_tag","embeddable":true,"href":"https:\/\/dgospel.com.br\/portal\/index.php\/wp-json\/wp\/v2\/tags?post=206"}],"curies":[{"name":"wp","href":"https:\/\/api.w.org\/{rel}","templated":true}]}}