{"id":20602,"date":"2024-09-03T12:34:51","date_gmt":"2024-09-03T15:34:51","guid":{"rendered":"https:\/\/dgospel.com.br\/portal\/?p=20602"},"modified":"2024-09-03T12:34:52","modified_gmt":"2024-09-03T15:34:52","slug":"governo-lula-decide-que-exercito-prestara-homenagem-ao-mst-no-desfile-de-7-de-setembro","status":"publish","type":"post","link":"https:\/\/dgospel.com.br\/portal\/index.php\/2024\/09\/03\/governo-lula-decide-que-exercito-prestara-homenagem-ao-mst-no-desfile-de-7-de-setembro\/","title":{"rendered":"Governo Lula decide que Ex\u00e9rcito prestar\u00e1 homenagem ao MST no desfile de 7 de setembro"},"content":{"rendered":"\n<p>O Ex\u00e9rcito Brasileiro prestar\u00e1, pela primeira vez, uma homenagem a integrantes do Movimento Sem Terra (MST) durante o desfile de 7 de Setembro, decis\u00e3o essa que foi impulsionada pelo Governo Lula. A iniciativa, contudo, gerou desconforto entre membros das For\u00e7as Armadas, conforme informa\u00e7\u00f5es do site&nbsp;<a href=\"https:\/\/oantagonista.com.br\/brasil\/gracas-a-lula-exercito-vai-prestar-continencia-ao-mst\/\"><em>O Antagonista<\/em><\/a>.<\/p>\n\n\n\n<p>Este ano, o desfile c\u00edvico trar\u00e1 o lema \u201cDemocracia e Independ\u00eancia! \u00c9 o Brasil no Rumo Certo\u201d e ser\u00e1 dividido em quatro temas: o desempenho do Brasil nas Olimp\u00edadas, a retomada da vacina\u00e7\u00e3o, a presen\u00e7a do pa\u00eds no G2 e a reconstru\u00e7\u00e3o do Rio Grande do Sul (RS).<\/p>\n\n\n\n<p>Para representar o tema da reconstru\u00e7\u00e3o do RS, o governador Eduardo Leite foi convidado pela Secretaria de Comunica\u00e7\u00e3o do governo federal a participar do evento.<\/p>\n\n\n\n<p>O MST ser\u00e1 reconhecido como uma das entidades que contribu\u00edram para essa reconstru\u00e7\u00e3o, com seus integrantes desfilando pela Esplanada dos Minist\u00e9rios, usando bon\u00e9s e bandeiras. Al\u00e9m do MST, outras organiza\u00e7\u00f5es ser\u00e3o homenageadas, como os bombeiros, Correios, Conab, For\u00e7a Nacional do SUS, Movimento de Atingidos por Barragens e MTST \u2014 este \u00faltimo relacionado ao candidato \u00e0 prefeitura de S\u00e3o Paulo, Guilherme Boulos.<\/p>\n\n\n\n<p>Fontes do Alto Comando do Ex\u00e9rcito&nbsp;consideraram a homenagem ao MST como uma provoca\u00e7\u00e3o do Governo Lula.<\/p>\n\n\n\n<p>Apesar dos esfor\u00e7os do ministro da Defesa, Jos\u00e9 M\u00facio Monteiro, para apaziguar as tens\u00f5es entre os militares e o governo no ano anterior, a inclus\u00e3o do MST no desfile reacendeu o descontentamento nas For\u00e7as Armadas, trazendo \u00e0 tona conflitos que pareciam superados.<\/p>\n\n\n\n<p>O primeiro desfile de 7 de Setembro sob o Governo Lula 3 teve uma baix\u00edssima presen\u00e7a de p\u00fablico na Esplanada dos Minist\u00e9rios. Segundo o governo federal, cerca de 30 mil pessoas estiveram no evento, embora muitas arquibancadas estivessem vazias.<\/p>\n","protected":false},"excerpt":{"rendered":"<p>O Ex\u00e9rcito Brasileiro prestar\u00e1, pela primeira vez, uma homenagem a integrantes do Movimento Sem Terra (MST) durante o desfile de 7 de Setembro, decis\u00e3o essa que foi impulsionada pelo Governo Lula. A iniciativa, contudo, gerou desconforto entre membros das For\u00e7as Armadas, conforme informa\u00e7\u00f5es do site&nbsp;O Antagonista. Este ano, o desfile c\u00edvico trar\u00e1 o lema \u201cDemocracia [&hellip;]<\/p>\n","protected":false},"author":2,"featured_media":20603,"comment_status":"open","ping_status":"open","sticky":false,"template":"","format":"standard","meta":[],"categories":[4],"tags":[13],"_links":{"self":[{"href":"https:\/\/dgospel.com.br\/portal\/index.php\/wp-json\/wp\/v2\/posts\/20602"}],"collection":[{"href":"https:\/\/dgospel.com.br\/portal\/index.php\/wp-json\/wp\/v2\/posts"}],"about":[{"href":"https:\/\/dgospel.com.br\/portal\/index.php\/wp-json\/wp\/v2\/types\/post"}],"author":[{"embeddable":true,"href":"https:\/\/dgospel.com.br\/portal\/index.php\/wp-json\/wp\/v2\/users\/2"}],"replies":[{"embeddable":true,"href":"https:\/\/dgospel.com.br\/portal\/index.php\/wp-json\/wp\/v2\/comments?post=20602"}],"version-history":[{"count":1,"href":"https:\/\/dgospel.com.br\/portal\/index.php\/wp-json\/wp\/v2\/posts\/20602\/revisions"}],"predecessor-version":[{"id":20604,"href":"https:\/\/dgospel.com.br\/portal\/index.php\/wp-json\/wp\/v2\/posts\/20602\/revisions\/20604"}],"wp:featuredmedia":[{"embeddable":true,"href":"https:\/\/dgospel.com.br\/portal\/index.php\/wp-json\/wp\/v2\/media\/20603"}],"wp:attachment":[{"href":"https:\/\/dgospel.com.br\/portal\/index.php\/wp-json\/wp\/v2\/media?parent=20602"}],"wp:term":[{"taxonomy":"category","embeddable":true,"href":"https:\/\/dgospel.com.br\/portal\/index.php\/wp-json\/wp\/v2\/categories?post=20602"},{"taxonomy":"post_tag","embeddable":true,"href":"https:\/\/dgospel.com.br\/portal\/index.php\/wp-json\/wp\/v2\/tags?post=20602"}],"curies":[{"name":"wp","href":"https:\/\/api.w.org\/{rel}","templated":true}]}}