{"id":20611,"date":"2024-09-03T12:47:56","date_gmt":"2024-09-03T15:47:56","guid":{"rendered":"https:\/\/dgospel.com.br\/portal\/?p=20611"},"modified":"2024-09-03T12:47:58","modified_gmt":"2024-09-03T15:47:58","slug":"israel-resgatou-corpos-de-6-refens-sequestrados-pelo-hamas-brutalmente-assassinados","status":"publish","type":"post","link":"https:\/\/dgospel.com.br\/portal\/index.php\/2024\/09\/03\/israel-resgatou-corpos-de-6-refens-sequestrados-pelo-hamas-brutalmente-assassinados\/","title":{"rendered":"Israel resgatou corpos de 6 ref\u00e9ns sequestrados pelo Hamas: \u201cBrutalmente assassinados\u201d"},"content":{"rendered":"\n<p>As For\u00e7as de Defesa de Israel (IDF, sigla em ingl\u00eas) encontraram os corpos de seis&nbsp;<strong><a href=\"https:\/\/guiame.com.br\/gospel\/israel\/israel-diz-que-mais-de-um-terco-dos-refens-de-gaza-estao-mortos.html\">ref\u00e9ns<\/a><\/strong>, sequestrados pelo Hamas em 7 de outubro, que foram assassinados pelos terroristas.<\/p>\n\n\n\n<p>O ex\u00e9rcito israelense anunciou no domingo (1\u00ba) que os corpos foram encontrados em um t\u00fanel na zona de Rafah, no sul de Gaza, durante a noite, logo ap\u00f3s terem sido&nbsp;<strong><a href=\"https:\/\/guiame.com.br\/gospel\/israel\/dezenas-de-corpos-queimados-pelo-hamas-sao-encontrados-em-israel.html\">assassinados por terroristas<\/a><\/strong>.<\/p>\n\n\n\n<p>Os ref\u00e9ns eram Hersh Goldberg-Polin, 23 (cidad\u00e3o israelense-americano), Eden Yerushalmi, 24, Ori Danino, 25, Alex Lobanov, 32, Carmel Gat, 40, e Almog Sarusi, 27.<\/p>\n\n\n\n<p>Goldberg-Polin, Yerushalmi, Lobanov, Sarusi e Danino (um suboficial fora de servi\u00e7o) foram sequestrados no festival de m\u00fasica pr\u00f3ximo do Kibutz Re&#8217;im, enquanto Gat foi levada do&nbsp;<strong><a href=\"https:\/\/guiame.com.br\/gospel\/israel\/pagina-ilesa-da-biblia-em-kibutz-queimado-pelo-hamas-diz-o-senhor-dara-forca-ao-seu-povo.html\">Kibutz Be&#8217;eri<\/a><\/strong>.<\/p>\n\n\n\n<p>Os corpos foram encontrados com v\u00e1rios ferimentos de bala, informou o Minist\u00e9rio da Sa\u00fade de Israel, citando um exame realizado pelo Instituto Forense Abu Kabir.<\/p>\n\n\n\n<p>Segundo o minist\u00e9rio, os ref\u00e9ns foram assassinados entre 48 e 72 horas antes da aut\u00f3psia, ou seja, entre quinta e sexta-feira de manh\u00e3.<\/p>\n\n\n\n<p><strong>\u2018Brutalmente assassinados\u2019<\/strong><\/p>\n\n\n\n<p>O porta-voz das IDF, contra-almirante Daniel Hagari, afirmou que os seis foram \u201cbrutalmente assassinados\u201d pelo Hamas pouco antes da chegada das tropas, possivelmente um ou dois dias antes de serem encontrados.<\/p>\n\n\n\n<p>\u201cDe acordo com uma avalia\u00e7\u00e3o inicial\u2026 eles foram brutalmente assassinados por terroristas do Hamas pouco antes de chegarmos at\u00e9 eles. Eles foram sequestrados vivos na manh\u00e3 de 7 de outubro pelo grupo terrorista Hamas\u201d, disse Hagari em uma coletiva de imprensa.<\/p>\n\n\n\n<p>\u201cSeus corpos foram encontrados durante os combates em Rafah, em um t\u00fanel, a cerca de um quil\u00f4metro do t\u00fanel de onde resgatamos Farhan al-Qadi alguns dias atr\u00e1s\u201d, disse ele.<\/p>\n\n\n\n<p>As IDF informaram que n\u00e3o conheciam a localiza\u00e7\u00e3o exata dos ref\u00e9ns, mas tinham ind\u00edcios sobre uma \u00e1rea geral onde os seis poderiam estar detidos, e estavam operando com cautela nessa regi\u00e3o.<\/p>\n\n\n\n<p>\u201cDesde que Farhan foi encontrado, as tropas receberam \u00eanfase em operar com cuidado ainda mais do que o normal, por causa do entendimento de que ref\u00e9ns adicionais podem estar na \u00e1rea. N\u00e3o t\u00ednhamos informa\u00e7\u00f5es sobre a localiza\u00e7\u00e3o exata dos ref\u00e9ns\u201d, disse Hagari.<\/p>\n\n\n\n<p>No s\u00e1bado, tropas come\u00e7aram a vasculhar um complexo de t\u00faneis a cerca de 20 metros de profundidade e encontraram os ref\u00e9ns mortos \u00e0 tarde. \u00c0 noite, seus corpos foram retirados de Gaza e levados a Israel para identifica\u00e7\u00e3o.<\/p>\n\n\n\n<p>A IDF informou que n\u00e3o houve confrontos com os terroristas do Hamas dentro do t\u00fanel, e que os respons\u00e1veis pelos assassinatos fugiram da \u00e1rea. No entanto, as tropas enfrentaram agentes terroristas na superf\u00edcie, perto do local do t\u00fanel.<\/p>\n\n\n\n<p><strong>Repercuss\u00f5es<\/strong><\/p>\n\n\n\n<p>O presidente dos EUA, Joe Biden, expressou estar &#8220;devastado e indignado&#8221; com as mortes dos ref\u00e9ns, especialmente a do cidad\u00e3o israelense-americano Goldberg-Polin. Ele mencionou que ele e outros americanos mantiveram em suas ora\u00e7\u00f5es seus pais, Jon e Rachel.<\/p>\n\n\n\n<p>\u201cTrabalhei incansavelmente para trazer seu amado Hersh em seguran\u00e7a at\u00e9 eles e estou com o cora\u00e7\u00e3o partido pela not\u00edcia de sua morte\u201d, disse Biden.<\/p>\n\n\n\n<p>\u201c\u00c9 t\u00e3o tr\u00e1gico quanto repreens\u00edvel. N\u00e3o se enganem, os l\u00edderes do Hamas pagar\u00e3o por esses crimes. E continuaremos trabalhando dia e noite por um acordo para garantir a liberta\u00e7\u00e3o dos ref\u00e9ns restantes\u201d, disse ele.<\/p>\n\n\n\n<p>O presidente Isaac Herzog disse em um comunicado que \u201co cora\u00e7\u00e3o de uma na\u00e7\u00e3o inteira est\u00e1 despeda\u00e7ado\u201d com o an\u00fancio da morte dos ref\u00e9ns.<\/p>\n\n\n\n<p>\u201cEm nome de todo o Estado de Israel, guardo suas fam\u00edlias em meu cora\u00e7\u00e3o e pe\u00e7o perd\u00e3o. Perd\u00e3o por n\u00e3o poder devolver seus entes queridos para casa em seguran\u00e7a\u201d, disse ele.<\/p>\n\n\n\n<p>O ministro da Defesa Yoav Gallant disse: \u201cDurante este momento doloroso e dif\u00edcil, meus pensamentos e meu cora\u00e7\u00e3o est\u00e3o com as fam\u00edlias dos ref\u00e9ns que foram mortos.\u201d<\/p>\n\n\n\n<p>N\u00e3o houve coment\u00e1rios p\u00fablicos do primeiro-ministro Benjamin Netanyahu.<\/p>\n","protected":false},"excerpt":{"rendered":"<p>As For\u00e7as de Defesa de Israel (IDF, sigla em ingl\u00eas) encontraram os corpos de seis&nbsp;ref\u00e9ns, sequestrados pelo Hamas em 7 de outubro, que foram assassinados pelos terroristas. O ex\u00e9rcito israelense anunciou no domingo (1\u00ba) que os corpos foram encontrados em um t\u00fanel na zona de Rafah, no sul de Gaza, durante a noite, logo ap\u00f3s [&hellip;]<\/p>\n","protected":false},"author":2,"featured_media":20612,"comment_status":"open","ping_status":"open","sticky":false,"template":"","format":"standard","meta":[],"categories":[12,16],"tags":[],"_links":{"self":[{"href":"https:\/\/dgospel.com.br\/portal\/index.php\/wp-json\/wp\/v2\/posts\/20611"}],"collection":[{"href":"https:\/\/dgospel.com.br\/portal\/index.php\/wp-json\/wp\/v2\/posts"}],"about":[{"href":"https:\/\/dgospel.com.br\/portal\/index.php\/wp-json\/wp\/v2\/types\/post"}],"author":[{"embeddable":true,"href":"https:\/\/dgospel.com.br\/portal\/index.php\/wp-json\/wp\/v2\/users\/2"}],"replies":[{"embeddable":true,"href":"https:\/\/dgospel.com.br\/portal\/index.php\/wp-json\/wp\/v2\/comments?post=20611"}],"version-history":[{"count":1,"href":"https:\/\/dgospel.com.br\/portal\/index.php\/wp-json\/wp\/v2\/posts\/20611\/revisions"}],"predecessor-version":[{"id":20613,"href":"https:\/\/dgospel.com.br\/portal\/index.php\/wp-json\/wp\/v2\/posts\/20611\/revisions\/20613"}],"wp:featuredmedia":[{"embeddable":true,"href":"https:\/\/dgospel.com.br\/portal\/index.php\/wp-json\/wp\/v2\/media\/20612"}],"wp:attachment":[{"href":"https:\/\/dgospel.com.br\/portal\/index.php\/wp-json\/wp\/v2\/media?parent=20611"}],"wp:term":[{"taxonomy":"category","embeddable":true,"href":"https:\/\/dgospel.com.br\/portal\/index.php\/wp-json\/wp\/v2\/categories?post=20611"},{"taxonomy":"post_tag","embeddable":true,"href":"https:\/\/dgospel.com.br\/portal\/index.php\/wp-json\/wp\/v2\/tags?post=20611"}],"curies":[{"name":"wp","href":"https:\/\/api.w.org\/{rel}","templated":true}]}}