{"id":20617,"date":"2024-09-06T09:23:50","date_gmt":"2024-09-06T12:23:50","guid":{"rendered":"https:\/\/dgospel.com.br\/portal\/?p=20617"},"modified":"2024-09-06T09:23:51","modified_gmt":"2024-09-06T12:23:51","slug":"lula-veta-integralmente-isencao-de-ipi-para-vitimas-de-desastres-naturais","status":"publish","type":"post","link":"https:\/\/dgospel.com.br\/portal\/index.php\/2024\/09\/06\/lula-veta-integralmente-isencao-de-ipi-para-vitimas-de-desastres-naturais\/","title":{"rendered":"\u00a0Lula veta integralmente isen\u00e7\u00e3o de IPI para v\u00edtimas de desastres naturais"},"content":{"rendered":"\n<p>O presidente Luiz In\u00e1cio Lula da Silva (PT) vetou integralmente um projeto de lei que previa a isen\u00e7\u00e3o do Imposto sobre Produtos Industrializados (IPI) para a compra de m\u00f3veis e eletrodom\u00e9sticos por moradores de \u00e1reas afetadas por desastres naturais ou eventos clim\u00e1ticos extremos. A decis\u00e3o foi publicada nesta quinta-feira (05) no&nbsp;<em>Di\u00e1rio Oficial da Uni\u00e3o (DOU)<\/em>.<\/p>\n\n\n\n<p>A proposta, se sancionada, teria beneficiado inicialmente as v\u00edtimas das enchentes que devastaram o Rio Grande do Sul em maio, resultando em 183 mortes. Agora, cabe ao Congresso decidir, em sess\u00e3o a ser marcada, se mant\u00e9m ou derruba o veto presidencial.<\/p>\n\n\n\n<p>O governo, atrav\u00e9s do ministro da Secretaria de Apoio \u00e0 Reconstru\u00e7\u00e3o do RS, Paulo Pimenta, afirmou ao&nbsp;<em>g1<\/em>&nbsp;que outras alternativas est\u00e3o sendo estudadas para facilitar a aquisi\u00e7\u00e3o de produtos da linha branca, sem a cobran\u00e7a de IPI, para os afetados pelas enchentes.<\/p>\n\n\n\n<p>Lula justificou o veto com base em consultas aos minist\u00e9rios da Fazenda e do Planejamento, alegando que a medida violaria a Lei de Responsabilidade Fiscal por criar uma ren\u00fancia de receita sem previs\u00e3o or\u00e7ament\u00e1ria, compensa\u00e7\u00e3o financeira ou prazo m\u00e1ximo de vig\u00eancia. O presidente tamb\u00e9m ressaltou que os benef\u00edcios poderiam ser apropriados por produtores, elevando o lucro e n\u00e3o garantindo o al\u00edvio necess\u00e1rio \u00e0s v\u00edtimas.<\/p>\n\n\n\n<p>O projeto oferecia isen\u00e7\u00e3o para itens como fog\u00f5es, geladeiras e m\u00e1quinas de lavar, que seriam adquiridos por um \u00fanico membro de cada fam\u00edlia, mediante comprova\u00e7\u00e3o de resid\u00eancia nas \u00e1reas afetadas.<\/p>\n","protected":false},"excerpt":{"rendered":"<p>O presidente Luiz In\u00e1cio Lula da Silva (PT) vetou integralmente um projeto de lei que previa a isen\u00e7\u00e3o do Imposto sobre Produtos Industrializados (IPI) para a compra de m\u00f3veis e eletrodom\u00e9sticos por moradores de \u00e1reas afetadas por desastres naturais ou eventos clim\u00e1ticos extremos. A decis\u00e3o foi publicada nesta quinta-feira (05) no&nbsp;Di\u00e1rio Oficial da Uni\u00e3o (DOU). [&hellip;]<\/p>\n","protected":false},"author":2,"featured_media":20618,"comment_status":"open","ping_status":"open","sticky":false,"template":"","format":"standard","meta":[],"categories":[10],"tags":[],"_links":{"self":[{"href":"https:\/\/dgospel.com.br\/portal\/index.php\/wp-json\/wp\/v2\/posts\/20617"}],"collection":[{"href":"https:\/\/dgospel.com.br\/portal\/index.php\/wp-json\/wp\/v2\/posts"}],"about":[{"href":"https:\/\/dgospel.com.br\/portal\/index.php\/wp-json\/wp\/v2\/types\/post"}],"author":[{"embeddable":true,"href":"https:\/\/dgospel.com.br\/portal\/index.php\/wp-json\/wp\/v2\/users\/2"}],"replies":[{"embeddable":true,"href":"https:\/\/dgospel.com.br\/portal\/index.php\/wp-json\/wp\/v2\/comments?post=20617"}],"version-history":[{"count":1,"href":"https:\/\/dgospel.com.br\/portal\/index.php\/wp-json\/wp\/v2\/posts\/20617\/revisions"}],"predecessor-version":[{"id":20619,"href":"https:\/\/dgospel.com.br\/portal\/index.php\/wp-json\/wp\/v2\/posts\/20617\/revisions\/20619"}],"wp:featuredmedia":[{"embeddable":true,"href":"https:\/\/dgospel.com.br\/portal\/index.php\/wp-json\/wp\/v2\/media\/20618"}],"wp:attachment":[{"href":"https:\/\/dgospel.com.br\/portal\/index.php\/wp-json\/wp\/v2\/media?parent=20617"}],"wp:term":[{"taxonomy":"category","embeddable":true,"href":"https:\/\/dgospel.com.br\/portal\/index.php\/wp-json\/wp\/v2\/categories?post=20617"},{"taxonomy":"post_tag","embeddable":true,"href":"https:\/\/dgospel.com.br\/portal\/index.php\/wp-json\/wp\/v2\/tags?post=20617"}],"curies":[{"name":"wp","href":"https:\/\/api.w.org\/{rel}","templated":true}]}}