{"id":20626,"date":"2024-09-06T11:58:25","date_gmt":"2024-09-06T14:58:25","guid":{"rendered":"https:\/\/dgospel.com.br\/portal\/?p=20626"},"modified":"2024-09-06T11:58:27","modified_gmt":"2024-09-06T14:58:27","slug":"wanderlei-barbosa-entrega-25-novos-veiculos-e-decreta-medidas-emergenciais-para-combate-a-incendios-no-tocantins","status":"publish","type":"post","link":"https:\/\/dgospel.com.br\/portal\/index.php\/2024\/09\/06\/wanderlei-barbosa-entrega-25-novos-veiculos-e-decreta-medidas-emergenciais-para-combate-a-incendios-no-tocantins\/","title":{"rendered":"Wanderlei Barbosa entrega 25 novos ve\u00edculos e decreta medidas emergenciais para combate a inc\u00eandios no Tocantins"},"content":{"rendered":"\n<p>O governador do Tocantins, Wanderlei Barbosa, entregou 25 novos ve\u00edculos para o Instituto Natureza do Tocantins (Naturatins) durante evento realizado no Pal\u00e1cio Araguaia Governador Jos\u00e9 Wilson Siqueira Campos, nesta quinta-feira, 5. A medida faz parte de uma s\u00e9rie de a\u00e7\u00f5es adotadas pelo Estado para fortalecer o combate aos focos de inc\u00eandio. Na solenidade, tamb\u00e9m foi assinado o decreto que instaura situa\u00e7\u00e3o de emerg\u00eancia em alguns munic\u00edpios do Tocantins e outro que autoriza a contrata\u00e7\u00e3o de mais 60 brigadistas para atuarem nas regi\u00f5es atingidas, al\u00e9m da entrega de 481 computadores para a Secretaria de Estado da Seguran\u00e7a P\u00fablica (SSP\/TO).<\/p>\n\n\n\n<p>&#8220;O Brasil inteiro tem vivido um momento muito dif\u00edcil com os focos de inc\u00eandio e a seca prolongada; e, no Tocantins, n\u00e3o \u00e9 diferente. N\u00f3s estamos trabalhando para combater e, nesse sentido, assinamos hoje&nbsp;<em>[quinta-feira, 5]<\/em>&nbsp;os decretos que viabilizar\u00e3o recursos para os \u00f3rg\u00e3os que est\u00e3o no combate a esses inc\u00eandios, como tamb\u00e9m vamos aumentar o n\u00famero de brigadistas e visitar os pontos que est\u00e3o sofrendo com isso, para estarmos cada vez mais presentes no enfrentamento&#8221;, destacou o governador Wanderlei Barbosa.<\/p>\n\n\n\n<p>Recentes gr\u00e1ficos mostraram um crescimento de 121% na \u00e1rea queimada no Brasil. S\u00f3 no m\u00eas de agosto, o Tocantins registrou 8.849 focos de inc\u00eandio. O presidente interino do Naturatins, coronel Edvan de Jesus, refor\u00e7ou que os ve\u00edculos entregues facilitar\u00e3o o trabalho de combate \u00e0s queimadas. &#8220;O Tocantins e outras localidades do pa\u00eds vivem esse momento realmente preocupante. Os carros entregues para o Naturatins ser\u00e3o muito importantes para que possamos implementar ainda mais medidas no combate \u00e0s queimadas, nos munic\u00edpios que mais s\u00e3o afetados&#8221;, pontuou o gestor.<\/p>\n\n\n\n<p>Com a entrega&nbsp;dos ve\u00edculos, o Naturatins e os demais \u00f3rg\u00e3os envolvidos no combate a inc\u00eandios estar\u00e3o melhor equipados para enfrentar as queimadas ilegais. A articula\u00e7\u00e3o que assegurou as caminhonetes foi realizada pela Secretaria de Estado da Administra\u00e7\u00e3o (Secad). &#8220;O governo Wanderlei Barbosa \u00e9 marcado por essa uni\u00e3o de todas as secretarias. Hoje, inclusive, presenciamos mais um desses momentos, em que, em conjunto, poderemos intensificar o combate a inc\u00eandios, que t\u00eam gerado grande preocupa\u00e7\u00e3o n\u00e3o s\u00f3 no Tocantins, mas em todo o Brasil&#8221;, ressaltou o secret\u00e1rio de Estado da Administra\u00e7\u00e3o, Paulo C\u00e9sar Benfica.&nbsp;<\/p>\n\n\n\n<p>O comandante-geral do Corpo de Bombeiros Militar do Tocantins (CBMTO), coronel Peterson Queiroz de Ornelas, enfatizou que os \u00f3rg\u00e3os de fiscaliza\u00e7\u00e3o seguem unidos para combater os inc\u00eandios em todo o Tocantins. &#8220;N\u00f3s unimos esfor\u00e7os para trabalhar sempre em conjunto, protegendo todas as \u00e1reas e atuando de maneira direcionada e otimizada. Essas viaturas entregues nos auxiliar\u00e3o nesse sentido, fornecendo ao Naturatins, que integra o&nbsp;<em>Comit\u00ea do Fogo<\/em>, o necess\u00e1rio para aumentar ainda mais sua \u00e1rea de cobertura. O governador tamb\u00e9m autorizou a contrata\u00e7\u00e3o de mais 60 brigadistas, ent\u00e3o a expectativa \u00e9 a de que poderemos seguir assim, combatendo os focos de queimadas no Tocantins&#8221;, salientou o comandante-geral.<\/p>\n\n\n\n<p><strong>Decretos<\/strong><\/p>\n\n\n\n<p>O primeiro decreto, assinado nesta quinta-feira, 5, autoriza a contrata\u00e7\u00e3o de novos 60 brigadistas. No segundo, \u00e9 declarada situa\u00e7\u00e3o de emerg\u00eancia no \u00e2mbito do estado do Tocantins, pelo prazo de 180 dias. No per\u00edodo, fica autorizada a mobiliza\u00e7\u00e3o de todos os \u00f3rg\u00e3os estaduais, sob a coordena\u00e7\u00e3o da Defesa Civil Estadual e do Corpo de Bombeiros Militar. A normativa autoriza as for\u00e7as a adentrarem em propriedades, p\u00fablicas ou privadas, para prestar socorro ou determinar a evacua\u00e7\u00e3o de pessoas em situa\u00e7\u00e3o de risco iminente, como tamb\u00e9m utilizar propriedades particulares em casos de iminente perigo p\u00fablico.<\/p>\n\n\n\n<p><strong>Computadores para a Seguran\u00e7a P\u00fablica<\/strong><\/p>\n\n\n\n<p>Em uma iniciativa para equipar as unidades de seguran\u00e7a do Estado, o governador Wanderlei Barbosa entregou&nbsp;481 computadores adquiridos com recursos do Fundo de Seguran\u00e7a P\u00fablica do Estado do Tocantins (Fuspto). Os equipamentos ser\u00e3o entregues gradativamente para as unidades da Pol\u00edcia Civil, da Pol\u00edcia Cient\u00edfica e para a Secretaria de Estado da Seguran\u00e7a P\u00fablica. O investimento total da iniciativa \u00e9 de&nbsp;R$ 1.836.458,00.<\/p>\n\n\n\n<p>Presente no evento, o secret\u00e1rio de Estado da Seguran\u00e7a P\u00fablica, Wlademir Mota, ressaltou que os equipamentos v\u00e3o possibilitar a execu\u00e7\u00e3o das atividades da secretaria com ainda mais agilidade e qualidade. \u201cEsse \u00e9 um refor\u00e7o que o governador Wanderlei Barbosa faz \u00e0 seguran\u00e7a p\u00fablica, especialmente \u00e0s unidades que comp\u00f5em a Secretaria de Estado da Seguran\u00e7a P\u00fablica. E n\u00f3s vamos, cada vez mais, refor\u00e7ar com tecnologia para dar sustenta\u00e7\u00e3o \u00e0s investiga\u00e7\u00f5es e atendimento \u00e0 popula\u00e7\u00e3o, porque precisamos renovar sempre o aparato tecnol\u00f3gico para prestar uma melhor qualidade ao servi\u00e7o\u201d, refor\u00e7ou o secret\u00e1rio.<\/p>\n\n\n\n<p><img src=\"https:\/\/central.to.gov.br\/image\/391821?w=670&amp;h=383\"><\/p>\n\n\n\n<p>Al\u00e9m da entrega de ve\u00edculos, o governador Wanderlei Barbosa decretou novas medidas para intensificar a atua\u00e7\u00e3o contra os inc\u00eandios no estado &#8211; Antonio Gon\u00e7alves\/Governo do Tocantins&nbsp;<a href=\"https:\/\/central.to.gov.br\/image\/391821?f=1\" target=\"_blank\" rel=\"noreferrer noopener\"><em>file_download<\/em><\/a><\/p>\n\n\n\n<p><img src=\"https:\/\/central.to.gov.br\/image\/391824?w=670&amp;h=383\"><\/p>\n\n\n\n<p>Com a entrega&nbsp;dos ve\u00edculos, o Naturatins e os demais \u00f3rg\u00e3os envolvidos estar\u00e3o melhor equipados para enfrentar as queimadas ilegais &#8211; Adilvan Nogueira\/Governo do Tocantins&nbsp;<a href=\"https:\/\/central.to.gov.br\/image\/391824?f=1\" target=\"_blank\" rel=\"noreferrer noopener\"><em>file_download<\/em><\/a><\/p>\n\n\n\n<p><img src=\"https:\/\/central.to.gov.br\/image\/391822?w=670&amp;h=383\"><\/p>\n\n\n\n<p>O governador Wanderlei Barbosa tamb\u00e9m entregou 481 computadores para a Pol\u00edcia Civil, Pol\u00edcia Cient\u00edfica e outras unidades da Secretaria de Estado da Seguran\u00e7a P\u00fablica &#8211; Antonio Gon\u00e7alves\/Governo do Tocantins&nbsp;<a href=\"https:\/\/central.to.gov.br\/image\/391822?f=1\" target=\"_blank\" rel=\"noreferrer noopener\"><em>file_download<\/em><\/a><\/p>\n\n\n\n<p><img src=\"https:\/\/central.to.gov.br\/image\/391817?w=670&amp;h=383\"><\/p>\n\n\n\n<p>Governador autorizou a contrata\u00e7\u00e3o de mais 60 brigadistas para atuarem nas regi\u00f5es atingidas &#8211; Antonio Gon\u00e7alves\/Governo do Tocantins&nbsp;<a href=\"https:\/\/central.to.gov.br\/image\/391817?f=1\" target=\"_blank\" rel=\"noreferrer noopener\"><em>file_download<\/em><\/a><\/p>\n\n\n\n<p><img src=\"https:\/\/central.to.gov.br\/image\/391818?w=670&amp;h=383\"><\/p>\n\n\n\n<p>O presidente interino do Naturatins, coronel Edvan de Jesus, ressaltou que os ve\u00edculos entregues ser\u00e3o fundamentais para ampliar as a\u00e7\u00f5es de combate \u00e0s queimadas nas regi\u00f5es mais afetadas do Tocantins &#8211; Antonio Gon\u00e7alves\/Governo do Tocantins&nbsp;<a href=\"https:\/\/central.to.gov.br\/image\/391818?f=1\" target=\"_blank\" rel=\"noreferrer noopener\"><em>file_download<\/em><\/a><\/p>\n\n\n\n<p><img src=\"https:\/\/central.to.gov.br\/image\/391823?w=670&amp;h=383\"><\/p>\n\n\n\n<p>O secret\u00e1rio de Estado da Administra\u00e7\u00e3o, Paulo C\u00e9sar Benfica, enfatizou que a entrega dos ve\u00edculos refor\u00e7a a coopera\u00e7\u00e3o entre as secretarias para enfrentar as queimadas no estado &#8211; Antonio Gon\u00e7alves\/Governo do Tocantins&nbsp;<a href=\"https:\/\/central.to.gov.br\/image\/391823?f=1\" target=\"_blank\" rel=\"noreferrer noopener\"><em>file_download<\/em><\/a><\/p>\n\n\n\n<p><img src=\"https:\/\/central.to.gov.br\/image\/391819?w=670&amp;h=383\"><\/p>\n\n\n\n<p>O comandante-geral do CBMTO, coronel Peterson Queiroz de Ornelas, salientou que os \u00f3rg\u00e3os de fiscaliza\u00e7\u00e3o seguem unidos para combater os inc\u00eandios em todo o Tocantins &#8211; Antonio Gon\u00e7alves\/Governo do Tocantins&nbsp;<a href=\"https:\/\/central.to.gov.br\/image\/391819?f=1\" target=\"_blank\" rel=\"noreferrer noopener\"><em>file_download<\/em><\/a><\/p>\n\n\n\n<p><img src=\"https:\/\/central.to.gov.br\/image\/391825?w=670&amp;h=383\"><\/p>\n\n\n\n<p>O secret\u00e1rio de Estado da Seguran\u00e7a P\u00fablica, Wlademir Mota, destacou a import\u00e2ncia da entrega dos novos equipamentos para melhorar ainda mais os servi\u00e7os da seguran\u00e7a no Estado &#8211; Antonio Gon\u00e7alves\/Governo do Tocantins&nbsp;<a href=\"https:\/\/central.to.gov.br\/image\/391825?f=1\" target=\"_blank\" rel=\"noreferrer noopener\"><em>file_download<\/em><\/a><\/p>\n","protected":false},"excerpt":{"rendered":"<p>O governador do Tocantins, Wanderlei Barbosa, entregou 25 novos ve\u00edculos para o Instituto Natureza do Tocantins (Naturatins) durante evento realizado no Pal\u00e1cio Araguaia Governador Jos\u00e9 Wilson Siqueira Campos, nesta quinta-feira, 5. A medida faz parte de uma s\u00e9rie de a\u00e7\u00f5es adotadas pelo Estado para fortalecer o combate aos focos de inc\u00eandio. Na solenidade, tamb\u00e9m foi [&hellip;]<\/p>\n","protected":false},"author":2,"featured_media":20627,"comment_status":"open","ping_status":"open","sticky":false,"template":"","format":"standard","meta":[],"categories":[3],"tags":[13],"_links":{"self":[{"href":"https:\/\/dgospel.com.br\/portal\/index.php\/wp-json\/wp\/v2\/posts\/20626"}],"collection":[{"href":"https:\/\/dgospel.com.br\/portal\/index.php\/wp-json\/wp\/v2\/posts"}],"about":[{"href":"https:\/\/dgospel.com.br\/portal\/index.php\/wp-json\/wp\/v2\/types\/post"}],"author":[{"embeddable":true,"href":"https:\/\/dgospel.com.br\/portal\/index.php\/wp-json\/wp\/v2\/users\/2"}],"replies":[{"embeddable":true,"href":"https:\/\/dgospel.com.br\/portal\/index.php\/wp-json\/wp\/v2\/comments?post=20626"}],"version-history":[{"count":1,"href":"https:\/\/dgospel.com.br\/portal\/index.php\/wp-json\/wp\/v2\/posts\/20626\/revisions"}],"predecessor-version":[{"id":20628,"href":"https:\/\/dgospel.com.br\/portal\/index.php\/wp-json\/wp\/v2\/posts\/20626\/revisions\/20628"}],"wp:featuredmedia":[{"embeddable":true,"href":"https:\/\/dgospel.com.br\/portal\/index.php\/wp-json\/wp\/v2\/media\/20627"}],"wp:attachment":[{"href":"https:\/\/dgospel.com.br\/portal\/index.php\/wp-json\/wp\/v2\/media?parent=20626"}],"wp:term":[{"taxonomy":"category","embeddable":true,"href":"https:\/\/dgospel.com.br\/portal\/index.php\/wp-json\/wp\/v2\/categories?post=20626"},{"taxonomy":"post_tag","embeddable":true,"href":"https:\/\/dgospel.com.br\/portal\/index.php\/wp-json\/wp\/v2\/tags?post=20626"}],"curies":[{"name":"wp","href":"https:\/\/api.w.org\/{rel}","templated":true}]}}