{"id":20632,"date":"2024-09-10T18:06:39","date_gmt":"2024-09-10T21:06:39","guid":{"rendered":"https:\/\/dgospel.com.br\/portal\/?p=20632"},"modified":"2024-09-10T18:07:11","modified_gmt":"2024-09-10T21:07:11","slug":"rio-sono-valdeia-martins-segue-na-lideranca-com-695-das-intencoes-de-voto-aponta-pesquisa-do-instituto-skala","status":"publish","type":"post","link":"https:\/\/dgospel.com.br\/portal\/index.php\/2024\/09\/10\/rio-sono-valdeia-martins-segue-na-lideranca-com-695-das-intencoes-de-voto-aponta-pesquisa-do-instituto-skala\/","title":{"rendered":"RIO SONO: Vald\u00e9ia Martins segue na lideran\u00e7a com 69,5% das inten\u00e7\u00f5es de voto aponta pesquisa do Instituto Skala"},"content":{"rendered":"\n<p>Uma pesquisa realizada pelo Instituto Skala em Rio Sono aponta que a candidata a prefeita Vald\u00e9ia Martins (Republicanos) est\u00e1 na lideran\u00e7a das inten\u00e7\u00f5es de voto. Na pesquisa estimulada para prefeito, a postulante que busca uma vaga ao lado do candidato a vice, Willian Soares, tem 69,5% dos votos. O segundo colocado Marcos Gama, tem 23,4%, os que n\u00e3o souberam responder s\u00e3o 2,4% e 4,7% dos entrevistados afirmaram que n\u00e3o votariam em nenhum dos candidatos.<\/p>\n\n\n\n<figure class=\"wp-block-image size-large\"><img loading=\"lazy\" width=\"1024\" height=\"1021\" src=\"https:\/\/dgospel.com.br\/portal\/wp-content\/uploads\/2024\/09\/0-1-1024x1021.jpg\" alt=\"\" class=\"wp-image-20633\" srcset=\"https:\/\/dgospel.com.br\/portal\/wp-content\/uploads\/2024\/09\/0-1-1024x1021.jpg 1024w, https:\/\/dgospel.com.br\/portal\/wp-content\/uploads\/2024\/09\/0-1-300x300.jpg 300w, https:\/\/dgospel.com.br\/portal\/wp-content\/uploads\/2024\/09\/0-1-150x150.jpg 150w, https:\/\/dgospel.com.br\/portal\/wp-content\/uploads\/2024\/09\/0-1-768x766.jpg 768w, https:\/\/dgospel.com.br\/portal\/wp-content\/uploads\/2024\/09\/0-1-1536x1531.jpg 1536w, https:\/\/dgospel.com.br\/portal\/wp-content\/uploads\/2024\/09\/0-1.jpg 1600w\" sizes=\"(max-width: 1024px) 100vw, 1024px\" \/><\/figure>\n\n\n\n<p>Registrada no TRE-TO n\u00ba TO-01309\/2024, a pesquisa entrevistou 170 pessoas no dia 5 de setembro de 2024, e tem n\u00edvel de confian\u00e7a de 95%, al\u00e9m da margem de erro de 4,5% para mais ou para menos.<\/p>\n\n\n\n<p><\/p>\n\n\n\n<figure class=\"wp-block-image size-large\"><img loading=\"lazy\" width=\"1024\" height=\"1021\" src=\"https:\/\/dgospel.com.br\/portal\/wp-content\/uploads\/2024\/09\/00-5-1024x1021.jpg\" alt=\"\" class=\"wp-image-20634\" srcset=\"https:\/\/dgospel.com.br\/portal\/wp-content\/uploads\/2024\/09\/00-5-1024x1021.jpg 1024w, https:\/\/dgospel.com.br\/portal\/wp-content\/uploads\/2024\/09\/00-5-300x300.jpg 300w, https:\/\/dgospel.com.br\/portal\/wp-content\/uploads\/2024\/09\/00-5-150x150.jpg 150w, https:\/\/dgospel.com.br\/portal\/wp-content\/uploads\/2024\/09\/00-5-768x766.jpg 768w, https:\/\/dgospel.com.br\/portal\/wp-content\/uploads\/2024\/09\/00-5-1536x1531.jpg 1536w, https:\/\/dgospel.com.br\/portal\/wp-content\/uploads\/2024\/09\/00-5.jpg 1600w\" sizes=\"(max-width: 1024px) 100vw, 1024px\" \/><\/figure>\n\n\n\n<p>Nas perguntas espont\u00e2neas Vald\u00e9ia tamb\u00e9m est\u00e1 na frente, com 63,9% dos votos, seguida pelo segundo colocado, com 22,5%.<\/p>\n\n\n\n<p><\/p>\n\n\n\n<figure class=\"wp-block-image size-large\"><img loading=\"lazy\" width=\"1024\" height=\"1021\" src=\"https:\/\/dgospel.com.br\/portal\/wp-content\/uploads\/2024\/09\/000-1-1024x1021.jpg\" alt=\"\" class=\"wp-image-20635\" srcset=\"https:\/\/dgospel.com.br\/portal\/wp-content\/uploads\/2024\/09\/000-1-1024x1021.jpg 1024w, https:\/\/dgospel.com.br\/portal\/wp-content\/uploads\/2024\/09\/000-1-300x300.jpg 300w, https:\/\/dgospel.com.br\/portal\/wp-content\/uploads\/2024\/09\/000-1-150x150.jpg 150w, https:\/\/dgospel.com.br\/portal\/wp-content\/uploads\/2024\/09\/000-1-768x766.jpg 768w, https:\/\/dgospel.com.br\/portal\/wp-content\/uploads\/2024\/09\/000-1-1536x1531.jpg 1536w, https:\/\/dgospel.com.br\/portal\/wp-content\/uploads\/2024\/09\/000-1.jpg 1600w\" sizes=\"(max-width: 1024px) 100vw, 1024px\" \/><\/figure>\n\n\n\n<p>J\u00e1 quando perguntados em quem n\u00e3o votariam de jeito nenhum, 52,7% dos moradores responderam Marcos Gama, enquanto 24,9% responderam Vald\u00e9ia Martins, 14,8% afirmaram que n\u00e3o rejeitam nenhum candidato e 7,6% dos entrevistados n\u00e3o opinaram.<\/p>\n\n\n\n<p><\/p>\n\n\n\n<figure class=\"wp-block-image size-large\"><img loading=\"lazy\" width=\"1024\" height=\"1021\" src=\"https:\/\/dgospel.com.br\/portal\/wp-content\/uploads\/2024\/09\/0000-1024x1021.jpg\" alt=\"\" class=\"wp-image-20636\" srcset=\"https:\/\/dgospel.com.br\/portal\/wp-content\/uploads\/2024\/09\/0000-1024x1021.jpg 1024w, https:\/\/dgospel.com.br\/portal\/wp-content\/uploads\/2024\/09\/0000-300x300.jpg 300w, https:\/\/dgospel.com.br\/portal\/wp-content\/uploads\/2024\/09\/0000-150x150.jpg 150w, https:\/\/dgospel.com.br\/portal\/wp-content\/uploads\/2024\/09\/0000-768x766.jpg 768w, https:\/\/dgospel.com.br\/portal\/wp-content\/uploads\/2024\/09\/0000-1536x1531.jpg 1536w, https:\/\/dgospel.com.br\/portal\/wp-content\/uploads\/2024\/09\/0000.jpg 1600w\" sizes=\"(max-width: 1024px) 100vw, 1024px\" \/><\/figure>\n\n\n\n<p>Quando perguntados sobre quem ganhar\u00e1 as elei\u00e7\u00f5es em 2024, 67,5% acham que a candidata Vald\u00e9ia Martins ser\u00e1 vitoriosa e 21,3% disseram que acreditam na vit\u00f3ria de Marcos Gama. Neste caso, 7,1% n\u00e3o souberam responder, e 4,1% n\u00e3o opinaram.<\/p>\n\n\n\n<p><\/p>\n\n\n\n<figure class=\"wp-block-image size-large\"><img loading=\"lazy\" width=\"1024\" height=\"1021\" src=\"https:\/\/dgospel.com.br\/portal\/wp-content\/uploads\/2024\/09\/00000-1024x1021.jpg\" alt=\"\" class=\"wp-image-20637\" srcset=\"https:\/\/dgospel.com.br\/portal\/wp-content\/uploads\/2024\/09\/00000-1024x1021.jpg 1024w, https:\/\/dgospel.com.br\/portal\/wp-content\/uploads\/2024\/09\/00000-300x300.jpg 300w, https:\/\/dgospel.com.br\/portal\/wp-content\/uploads\/2024\/09\/00000-150x150.jpg 150w, https:\/\/dgospel.com.br\/portal\/wp-content\/uploads\/2024\/09\/00000-768x766.jpg 768w, https:\/\/dgospel.com.br\/portal\/wp-content\/uploads\/2024\/09\/00000-1536x1531.jpg 1536w, https:\/\/dgospel.com.br\/portal\/wp-content\/uploads\/2024\/09\/00000.jpg 1600w\" sizes=\"(max-width: 1024px) 100vw, 1024px\" \/><\/figure>\n\n\n\n<p>Os entrevistados tamb\u00e9m responderam sobre a aprova\u00e7\u00e3o da administra\u00e7\u00e3o do prefeito Itair Martins, sendo que 86,4% dos entrevistados aprovam a administra\u00e7\u00e3o, enquanto 11,8% desaprovam, e 1,8% n\u00e3o souberam responder.<\/p>\n","protected":false},"excerpt":{"rendered":"<p>Uma pesquisa realizada pelo Instituto Skala em Rio Sono aponta que a candidata a prefeita Vald\u00e9ia Martins (Republicanos) est\u00e1 na lideran\u00e7a das inten\u00e7\u00f5es de voto. Na pesquisa estimulada para prefeito, a postulante que busca uma vaga ao lado do candidato a vice, Willian Soares, tem 69,5% dos votos. O segundo colocado Marcos Gama, tem 23,4%, [&hellip;]<\/p>\n","protected":false},"author":2,"featured_media":20638,"comment_status":"open","ping_status":"open","sticky":false,"template":"","format":"standard","meta":[],"categories":[4],"tags":[],"_links":{"self":[{"href":"https:\/\/dgospel.com.br\/portal\/index.php\/wp-json\/wp\/v2\/posts\/20632"}],"collection":[{"href":"https:\/\/dgospel.com.br\/portal\/index.php\/wp-json\/wp\/v2\/posts"}],"about":[{"href":"https:\/\/dgospel.com.br\/portal\/index.php\/wp-json\/wp\/v2\/types\/post"}],"author":[{"embeddable":true,"href":"https:\/\/dgospel.com.br\/portal\/index.php\/wp-json\/wp\/v2\/users\/2"}],"replies":[{"embeddable":true,"href":"https:\/\/dgospel.com.br\/portal\/index.php\/wp-json\/wp\/v2\/comments?post=20632"}],"version-history":[{"count":2,"href":"https:\/\/dgospel.com.br\/portal\/index.php\/wp-json\/wp\/v2\/posts\/20632\/revisions"}],"predecessor-version":[{"id":20640,"href":"https:\/\/dgospel.com.br\/portal\/index.php\/wp-json\/wp\/v2\/posts\/20632\/revisions\/20640"}],"wp:featuredmedia":[{"embeddable":true,"href":"https:\/\/dgospel.com.br\/portal\/index.php\/wp-json\/wp\/v2\/media\/20638"}],"wp:attachment":[{"href":"https:\/\/dgospel.com.br\/portal\/index.php\/wp-json\/wp\/v2\/media?parent=20632"}],"wp:term":[{"taxonomy":"category","embeddable":true,"href":"https:\/\/dgospel.com.br\/portal\/index.php\/wp-json\/wp\/v2\/categories?post=20632"},{"taxonomy":"post_tag","embeddable":true,"href":"https:\/\/dgospel.com.br\/portal\/index.php\/wp-json\/wp\/v2\/tags?post=20632"}],"curies":[{"name":"wp","href":"https:\/\/api.w.org\/{rel}","templated":true}]}}