{"id":2064,"date":"2018-12-13T16:47:14","date_gmt":"2018-12-13T18:47:14","guid":{"rendered":"http:\/\/dgospel.com.br\/portal\/?p=2064"},"modified":"2018-12-13T16:47:14","modified_gmt":"2018-12-13T18:47:14","slug":"apos-periodo-de-oracao-simone-diz-e-incrivel-ver-os-sinais-da-gloria-de-deus","status":"publish","type":"post","link":"https:\/\/dgospel.com.br\/portal\/index.php\/2018\/12\/13\/apos-periodo-de-oracao-simone-diz-e-incrivel-ver-os-sinais-da-gloria-de-deus\/","title":{"rendered":"Ap\u00f3s per\u00edodo de ora\u00e7\u00e3o Simone diz: &#8220;\u00c9 incr\u00edvel ver os sinais da gl\u00f3ria de Deus&#8221;"},"content":{"rendered":"<p>\u201cVoltei\u201d. Com essa frase, a cantora Simone, que faz dupla sertaneja com sua irm\u00e3 Simaria, compartilhou em suas redes sociais que havia chegado de um retiro espiritual, onde ficou durante o final de semana (08 e 09\/12). Segundo Simone,\u00a0<strong><a href=\"https:\/\/guiame.com.br\/gospel\/noticias\/simone-dupla-de-simaria-fala-sobre-experiencia-em-retiro-so-deus-pode-transformar.html\">que participou pela segunda vez de um retiro<\/a><\/strong>, foi um momento onde ela esteve se \u201cconectando com Deus\u201d.<\/p>\n<p>Simone, que tem mais 15 milh\u00f5es de seguidores em uma rede social, recebeu milhares de mensagens de apoio ao contar sobre o retiro. Preparado para ora\u00e7\u00f5es e reflex\u00f5es pessoais, a Est\u00e2ncia Para\u00edso fica em Sabar\u00e1, na grande BH, e pertence \u00e0 igreja Batista da Lagoinha. O lugar j\u00e1 recebeu outros nomes famosos da m\u00fasica, como os cantores Naldo e\u00a0<strong><a href=\"https:\/\/guiame.com.br\/gospel\/noticias\/evangelico-wesley-safadao-recebe-cultos-privados-em-sua-casa.html\">Wesley Safad\u00e3o<\/a><\/strong>, que se converteu ali em 2017.<\/p>\n<p>A cantora contou sobre as experi\u00eancias que teve durante o recolhimento espiritual. &#8220;\u00c9 incr\u00edvel, gente, os sinais que voc\u00ea v\u00ea da gl\u00f3ria de Deus. Tudo fala. At\u00e9 uma borboleta, um passarinho, s\u00e3o coisas lindas. Vou falar uma coisa muito especial para voc\u00eas. Uma pessoa que estava l\u00e1 falou &#8216;essa \u00e9 minha \u00faltima chance&#8217;. No final, Deus fez coisas t\u00e3o lindas na vida dessa pessoa. A gente viu o sobrenatural de Deus agindo naquela vida&#8221;.<\/p>\n<p><strong>\u2018Todos precisam\u2019<\/strong><\/p>\n<p>Simone contou que teve experi\u00eancias sobrenaturais com Deus e que seria bom se todas as pessoas pudessem participar de um retiro espiritual como aquele, para encontrar respostas e cura de situa\u00e7\u00f5es do passado que machucaram suas almas. \u201cTodo mundo precisa viver essa experi\u00eancia. Tem coisas na vida que a gente carrega e n\u00e3o sabe por que e quando vem pra c\u00e1 e tem esse entendimento, a gente fica \u2018meu Deus, \u00e9 assim mesmo\u2019.\u201d<\/p>\n<p>Como o nome diz, retiros espirituais s\u00e3o per\u00edodos onde as pessoas saem de suas rotinas e passam determinado tempo afastadas para focar suas vidas em atividades que as aproximem de Deus e de si mesmas, como ora\u00e7\u00f5es e at\u00e9 jejuns. Normalmente acontecem em lugares buc\u00f3licos, como s\u00edtios e ch\u00e1caras, cercados de muita natureza e tranquilidade, ambientes preparados especialmente para que os visitantes sintam-se mais pertos de Deus e assim possam ter experi\u00eancias pessoais com Ele.<\/p>\n<p>Segundo Ezenete Rodrigues, que cuida da Est\u00e2ncia Para\u00edso onde Simone se recolheu, ali as pessoas passam por reuni\u00f5es individuais com pastores para aconselhamento e recebem ora\u00e7\u00f5es para cura emocional e ainda para as \u00e1reas afetivas e psicol\u00f3gicas abaladas. \u201cN\u00f3s recebemos aqui qualquer tipo de pessoa, sem exce\u00e7\u00e3o. Pessoas que est\u00e3o passando por problemas no casamento uma perda de algu\u00e9m querido ou at\u00e9 mesmo aquelas que precisam se aproximar de Deus\u201d, disse a pastora.<\/p>\n<p>A primeira vez que Simone esteve em um retiro foi em junho deste ano, na mesma Est\u00e2ncia Para\u00edso.<\/p>\n","protected":false},"excerpt":{"rendered":"<p>\u201cVoltei\u201d. Com essa frase, a cantora Simone, que faz dupla sertaneja com sua irm\u00e3 Simaria, compartilhou em suas redes sociais que havia chegado de um retiro espiritual, onde ficou durante o final de semana (08 e 09\/12). Segundo Simone,\u00a0que participou pela segunda vez de um retiro, foi um momento onde ela esteve se \u201cconectando com [&hellip;]<\/p>\n","protected":false},"author":2,"featured_media":2065,"comment_status":"open","ping_status":"open","sticky":false,"template":"","format":"standard","meta":[],"categories":[2,5],"tags":[],"_links":{"self":[{"href":"https:\/\/dgospel.com.br\/portal\/index.php\/wp-json\/wp\/v2\/posts\/2064"}],"collection":[{"href":"https:\/\/dgospel.com.br\/portal\/index.php\/wp-json\/wp\/v2\/posts"}],"about":[{"href":"https:\/\/dgospel.com.br\/portal\/index.php\/wp-json\/wp\/v2\/types\/post"}],"author":[{"embeddable":true,"href":"https:\/\/dgospel.com.br\/portal\/index.php\/wp-json\/wp\/v2\/users\/2"}],"replies":[{"embeddable":true,"href":"https:\/\/dgospel.com.br\/portal\/index.php\/wp-json\/wp\/v2\/comments?post=2064"}],"version-history":[{"count":1,"href":"https:\/\/dgospel.com.br\/portal\/index.php\/wp-json\/wp\/v2\/posts\/2064\/revisions"}],"predecessor-version":[{"id":2066,"href":"https:\/\/dgospel.com.br\/portal\/index.php\/wp-json\/wp\/v2\/posts\/2064\/revisions\/2066"}],"wp:featuredmedia":[{"embeddable":true,"href":"https:\/\/dgospel.com.br\/portal\/index.php\/wp-json\/wp\/v2\/media\/2065"}],"wp:attachment":[{"href":"https:\/\/dgospel.com.br\/portal\/index.php\/wp-json\/wp\/v2\/media?parent=2064"}],"wp:term":[{"taxonomy":"category","embeddable":true,"href":"https:\/\/dgospel.com.br\/portal\/index.php\/wp-json\/wp\/v2\/categories?post=2064"},{"taxonomy":"post_tag","embeddable":true,"href":"https:\/\/dgospel.com.br\/portal\/index.php\/wp-json\/wp\/v2\/tags?post=2064"}],"curies":[{"name":"wp","href":"https:\/\/api.w.org\/{rel}","templated":true}]}}