{"id":20644,"date":"2024-09-12T12:06:50","date_gmt":"2024-09-12T15:06:50","guid":{"rendered":"https:\/\/dgospel.com.br\/portal\/?p=20644"},"modified":"2024-09-12T12:06:51","modified_gmt":"2024-09-12T15:06:51","slug":"amazonia-e-a-maior-emissora-de-gases-de-efeito-estufa-nos-ultimos-dias-aponta-observatorio-europeu","status":"publish","type":"post","link":"https:\/\/dgospel.com.br\/portal\/index.php\/2024\/09\/12\/amazonia-e-a-maior-emissora-de-gases-de-efeito-estufa-nos-ultimos-dias-aponta-observatorio-europeu\/","title":{"rendered":"Amaz\u00f4nia \u00e9 a Maior Emissora de Gases de Efeito Estufa nos \u00daltimos Dias, Aponta Observat\u00f3rio Europeu"},"content":{"rendered":"\n<p>Em meio a um cen\u00e1rio de secas e queimadas intensas na Regi\u00e3o Norte do Brasil, o observat\u00f3rio europeu Copernicus divulgou dados alarmantes: o sudoeste da Amaz\u00f4nia foi a regi\u00e3o que mais emitiu gases de efeito estufa no planeta nos \u00faltimos cinco dias. A pesquisa foi conduzida por Lucas Ferrante, da Universidade de S\u00e3o Paulo (USP) e da Universidade Federal do Amazonas (UFAM), e os resultados foram publicados pelo jornal O Globo.<\/p>\n\n\n\n<p>A conclus\u00e3o do estudo \u00e9 baseada no volume de aeross\u00f3is e mon\u00f3xido de carbono captado na atmosfera da regi\u00e3o. Esses gases est\u00e3o associados \u00e0 intensifica\u00e7\u00e3o do efeito estufa, uma vez que, durante as queimadas, s\u00e3o liberados grandes volumes de di\u00f3xido de carbono, um dos principais respons\u00e1veis pelo aquecimento global.<\/p>\n\n\n\n<p>O aumento das queimadas na Amaz\u00f4nia tem agravado as condi\u00e7\u00f5es clim\u00e1ticas, al\u00e9m de potencializar a emiss\u00e3o de gases poluentes que afetam tanto o meio ambiente quanto a sa\u00fade p\u00fablica. Este fen\u00f4meno coloca a Amaz\u00f4nia no centro das aten\u00e7\u00f5es globais, refor\u00e7ando a import\u00e2ncia de medidas urgentes para conter o avan\u00e7o das queimadas e preservar o ecossistema.<\/p>\n\n\n\n<p>Os inc\u00eandios florestais e a libera\u00e7\u00e3o massiva de gases de efeito estufa n\u00e3o apenas afetam a Amaz\u00f4nia, mas tamb\u00e9m t\u00eam consequ\u00eancias globais, j\u00e1 que a floresta \u00e9 essencial para a regula\u00e7\u00e3o clim\u00e1tica. Segundo especialistas, a continuidade das queimadas em larga escala poder\u00e1 resultar em desequil\u00edbrios clim\u00e1ticos ainda mais severos, intensificando eventos extremos como secas prolongadas e chuvas torrenciais.<\/p>\n","protected":false},"excerpt":{"rendered":"<p>Em meio a um cen\u00e1rio de secas e queimadas intensas na Regi\u00e3o Norte do Brasil, o observat\u00f3rio europeu Copernicus divulgou dados alarmantes: o sudoeste da Amaz\u00f4nia foi a regi\u00e3o que mais emitiu gases de efeito estufa no planeta nos \u00faltimos cinco dias. A pesquisa foi conduzida por Lucas Ferrante, da Universidade de S\u00e3o Paulo (USP) [&hellip;]<\/p>\n","protected":false},"author":2,"featured_media":20645,"comment_status":"open","ping_status":"open","sticky":false,"template":"","format":"standard","meta":[],"categories":[10],"tags":[],"_links":{"self":[{"href":"https:\/\/dgospel.com.br\/portal\/index.php\/wp-json\/wp\/v2\/posts\/20644"}],"collection":[{"href":"https:\/\/dgospel.com.br\/portal\/index.php\/wp-json\/wp\/v2\/posts"}],"about":[{"href":"https:\/\/dgospel.com.br\/portal\/index.php\/wp-json\/wp\/v2\/types\/post"}],"author":[{"embeddable":true,"href":"https:\/\/dgospel.com.br\/portal\/index.php\/wp-json\/wp\/v2\/users\/2"}],"replies":[{"embeddable":true,"href":"https:\/\/dgospel.com.br\/portal\/index.php\/wp-json\/wp\/v2\/comments?post=20644"}],"version-history":[{"count":1,"href":"https:\/\/dgospel.com.br\/portal\/index.php\/wp-json\/wp\/v2\/posts\/20644\/revisions"}],"predecessor-version":[{"id":20646,"href":"https:\/\/dgospel.com.br\/portal\/index.php\/wp-json\/wp\/v2\/posts\/20644\/revisions\/20646"}],"wp:featuredmedia":[{"embeddable":true,"href":"https:\/\/dgospel.com.br\/portal\/index.php\/wp-json\/wp\/v2\/media\/20645"}],"wp:attachment":[{"href":"https:\/\/dgospel.com.br\/portal\/index.php\/wp-json\/wp\/v2\/media?parent=20644"}],"wp:term":[{"taxonomy":"category","embeddable":true,"href":"https:\/\/dgospel.com.br\/portal\/index.php\/wp-json\/wp\/v2\/categories?post=20644"},{"taxonomy":"post_tag","embeddable":true,"href":"https:\/\/dgospel.com.br\/portal\/index.php\/wp-json\/wp\/v2\/tags?post=20644"}],"curies":[{"name":"wp","href":"https:\/\/api.w.org\/{rel}","templated":true}]}}