{"id":20656,"date":"2024-09-16T10:16:37","date_gmt":"2024-09-16T13:16:37","guid":{"rendered":"https:\/\/dgospel.com.br\/portal\/?p=20656"},"modified":"2024-09-16T10:16:38","modified_gmt":"2024-09-16T13:16:38","slug":"governo-lula-estuda-confisco-de-terras-por-incendios-criminosos","status":"publish","type":"post","link":"https:\/\/dgospel.com.br\/portal\/index.php\/2024\/09\/16\/governo-lula-estuda-confisco-de-terras-por-incendios-criminosos\/","title":{"rendered":"Governo Lula estuda confisco de terras por incendios criminosos"},"content":{"rendered":"\n<p>A ministra do Meio Ambiente e Mudan\u00e7a do Clima, Marina Silva, anunciou que o Governo Lula est\u00e1 estudando medidas legais para confiscar terras de respons\u00e1veis por inc\u00eandios criminosos. A declara\u00e7\u00e3o foi feita durante a Iniciativa do G20 sobre Bioeconomia (GIB), realizada no Rio de Janeiro. Segundo a ministra, o governo avalia a aplica\u00e7\u00e3o de leis semelhantes \u00e0s usadas em casos de trabalho an\u00e1logo \u00e0 escravid\u00e3o, onde a terra \u00e9 confiscada e retorna ao controle do Estado.<\/p>\n\n\n\n<p>Marina Silva destacou a necessidade de endurecer as puni\u00e7\u00f5es, afirmando que \u201cquem fez a queima criminosa haver\u00e1 de pagar\u201d. Atualmente, 32 inqu\u00e9ritos foram abertos para investigar inc\u00eandios criminosos em todo o Brasil. Ela tamb\u00e9m alertou sobre a alian\u00e7a entre a criminalidade e as mudan\u00e7as clim\u00e1ticas, que t\u00eam agravado o cen\u00e1rio de queimadas no pa\u00eds.<\/p>\n\n\n\n<p>Al\u00e9m disso, a ministra abordou a seca que atinge 25 estados brasileiros, afetando 100% do territ\u00f3rio de 9 deles, e ressaltou a cria\u00e7\u00e3o da Autoridade Clim\u00e1tica, anunciada como uma medida robusta para enfrentar as mudan\u00e7as clim\u00e1ticas de maneira duradoura, independentemente de futuras mudan\u00e7as de governo.<\/p>\n","protected":false},"excerpt":{"rendered":"<p>A ministra do Meio Ambiente e Mudan\u00e7a do Clima, Marina Silva, anunciou que o Governo Lula est\u00e1 estudando medidas legais para confiscar terras de respons\u00e1veis por inc\u00eandios criminosos. A declara\u00e7\u00e3o foi feita durante a Iniciativa do G20 sobre Bioeconomia (GIB), realizada no Rio de Janeiro. Segundo a ministra, o governo avalia a aplica\u00e7\u00e3o de leis [&hellip;]<\/p>\n","protected":false},"author":2,"featured_media":20657,"comment_status":"open","ping_status":"open","sticky":false,"template":"","format":"standard","meta":[],"categories":[12,10],"tags":[],"_links":{"self":[{"href":"https:\/\/dgospel.com.br\/portal\/index.php\/wp-json\/wp\/v2\/posts\/20656"}],"collection":[{"href":"https:\/\/dgospel.com.br\/portal\/index.php\/wp-json\/wp\/v2\/posts"}],"about":[{"href":"https:\/\/dgospel.com.br\/portal\/index.php\/wp-json\/wp\/v2\/types\/post"}],"author":[{"embeddable":true,"href":"https:\/\/dgospel.com.br\/portal\/index.php\/wp-json\/wp\/v2\/users\/2"}],"replies":[{"embeddable":true,"href":"https:\/\/dgospel.com.br\/portal\/index.php\/wp-json\/wp\/v2\/comments?post=20656"}],"version-history":[{"count":1,"href":"https:\/\/dgospel.com.br\/portal\/index.php\/wp-json\/wp\/v2\/posts\/20656\/revisions"}],"predecessor-version":[{"id":20658,"href":"https:\/\/dgospel.com.br\/portal\/index.php\/wp-json\/wp\/v2\/posts\/20656\/revisions\/20658"}],"wp:featuredmedia":[{"embeddable":true,"href":"https:\/\/dgospel.com.br\/portal\/index.php\/wp-json\/wp\/v2\/media\/20657"}],"wp:attachment":[{"href":"https:\/\/dgospel.com.br\/portal\/index.php\/wp-json\/wp\/v2\/media?parent=20656"}],"wp:term":[{"taxonomy":"category","embeddable":true,"href":"https:\/\/dgospel.com.br\/portal\/index.php\/wp-json\/wp\/v2\/categories?post=20656"},{"taxonomy":"post_tag","embeddable":true,"href":"https:\/\/dgospel.com.br\/portal\/index.php\/wp-json\/wp\/v2\/tags?post=20656"}],"curies":[{"name":"wp","href":"https:\/\/api.w.org\/{rel}","templated":true}]}}