{"id":20665,"date":"2024-09-17T13:02:26","date_gmt":"2024-09-17T16:02:26","guid":{"rendered":"https:\/\/dgospel.com.br\/portal\/?p=20665"},"modified":"2024-09-17T13:02:27","modified_gmt":"2024-09-17T16:02:27","slug":"grammy-2024-divulga-indicados-a-melhor-album-de-musica-crista","status":"publish","type":"post","link":"https:\/\/dgospel.com.br\/portal\/index.php\/2024\/09\/17\/grammy-2024-divulga-indicados-a-melhor-album-de-musica-crista\/","title":{"rendered":"Grammy 2024 divulga indicados a Melhor \u00c1lbum de M\u00fasica Crist\u00e3"},"content":{"rendered":"\n<p>Nesta ter\u00e7a-feira (17), a Academia Latina da Grava\u00e7\u00e3o anunciou os indicados \u00e0 25\u00aa edi\u00e7\u00e3o do Grammy Latino. Os ganhadores ser\u00e3o escolhidos por vota\u00e7\u00e3o pelos membros da Academia \u2013 criadores musicais que representam todos os g\u00eaneros e disciplinas criativas, incluindo m\u00fasicos, compositores, produtores, profissionais de mixagem e engenheiros.<\/p>\n\n\n\n<p>Dentre os v\u00e1rios estilos musicais contemplados, a m\u00fasica crist\u00e3 marca presen\u00e7a mais uma vez. Cinco artistas foram selecionados para representar o Brasil na categoria de Melhor \u00c1lbum de M\u00fasica Crist\u00e3 em L\u00edngua Portuguesa: Bruna Karla, Thalles Roberto, Rosa de Saron, Eli Soares e Vocal Livre.<\/p>\n\n\n\n<p>Com o EP&nbsp;<em>Ele \u00e9 Jesus<\/em>, Bruna Karla recebeu a sexta indica\u00e7\u00e3o ao pr\u00eamio. Ela j\u00e1 tinha concorrido com&nbsp;<em>\u00c9s Tudo (2022),&nbsp;<\/em><em>Incompar\u00e1vel<\/em>&nbsp;(2017),&nbsp;<em>Como \u00c1guia<\/em>&nbsp;(2015),&nbsp;<em>Aceito Teu Chamado<\/em>&nbsp;(2013) e&nbsp;<em>Advogado Fiel<\/em>&nbsp;(2010).<\/p>\n\n\n\n<figure class=\"wp-block-image\"><img src=\"https:\/\/static.cdn.pleno.news\/2024\/09\/IMG_7160.jpeg\" alt=\"Bruna Karla - Ele \u00e9 Jesus\" title=\"Bruna Karla - Ele \u00e9 Jesus\"\/><figcaption>Bruna Karla &#8211; Ele \u00e9 Jesus<\/figcaption><\/figure>\n\n\n\n<figure class=\"wp-block-image\"><img src=\"https:\/\/static.cdn.pleno.news\/2024\/09\/IMG_7161.jpeg\" alt=\"Thalles Roberto - Deixa Vir\" title=\"Thalles Roberto - Deixa Vir\"\/><figcaption>Thalles Roberto &#8211; Deixa Vir<\/figcaption><\/figure>\n\n\n\n<figure class=\"wp-block-image\"><img src=\"https:\/\/static.cdn.pleno.news\/2024\/09\/IMG_7162.jpeg\" alt=\"Rosa de Saron - In Concert\" title=\"Rosa de Saron - In Concert\"\/><figcaption>Rosa de Saron &#8211; In Concert<\/figcaption><\/figure>\n\n\n\n<figure class=\"wp-block-image\"><img src=\"https:\/\/static.cdn.pleno.news\/2024\/09\/IMG_7163.jpeg\" alt=\"Eli Soares - Vida\" title=\"Eli Soares - Vida\"\/><figcaption>Eli Soares &#8211; Vida<\/figcaption><\/figure>\n\n\n\n<figure class=\"wp-block-image\"><img src=\"https:\/\/static.cdn.pleno.news\/2024\/09\/IMG_7159.jpeg\" alt=\"Vocal Livre - Temporal\" title=\"Vocal Livre - Temporal\"\/><figcaption>Vocal Livre &#8211; Temporal<\/figcaption><\/figure>\n\n\n\n<ul><li>1&nbsp;de 5<\/li><\/ul>\n\n\n\n<p>Atual vencedor, Eli Soares recebeu a sexta indica\u00e7\u00e3o consecutiva. Neste ano, ele concorre com&nbsp;<em>Vida.&nbsp;<\/em>Nos anos anteriores, o cantor recebeu indica\u00e7\u00e3o pelos \u00e1lbuns&nbsp;<em>N\u00f3s<\/em>&nbsp;(2023),&nbsp;<em>Laborat\u00f3rio do Groove<\/em>&nbsp;(2022),&nbsp;<em>Eli Soares 10 Anos<\/em>&nbsp;(2021),&nbsp;<em>Mem\u00f3rias 2<\/em>&nbsp;(2020),&nbsp;<em>360 Graus<\/em>&nbsp;(2019) e&nbsp;<em>Mem\u00f3rias<\/em>&nbsp;(2016).<\/p>\n\n\n\n<p>A cerim\u00f4nia de entrega acontecer\u00e1 em Miami, nos Estados Unidos, no dia 14 de novembro. A \u00faltima edi\u00e7\u00e3o da premia\u00e7\u00e3o aconteceu em Sevilha, na Espanha.<\/p>\n","protected":false},"excerpt":{"rendered":"<p>Nesta ter\u00e7a-feira (17), a Academia Latina da Grava\u00e7\u00e3o anunciou os indicados \u00e0 25\u00aa edi\u00e7\u00e3o do Grammy Latino. Os ganhadores ser\u00e3o escolhidos por vota\u00e7\u00e3o pelos membros da Academia \u2013 criadores musicais que representam todos os g\u00eaneros e disciplinas criativas, incluindo m\u00fasicos, compositores, produtores, profissionais de mixagem e engenheiros. Dentre os v\u00e1rios estilos musicais contemplados, a m\u00fasica [&hellip;]<\/p>\n","protected":false},"author":2,"featured_media":20666,"comment_status":"open","ping_status":"open","sticky":false,"template":"","format":"standard","meta":[],"categories":[12,5],"tags":[],"_links":{"self":[{"href":"https:\/\/dgospel.com.br\/portal\/index.php\/wp-json\/wp\/v2\/posts\/20665"}],"collection":[{"href":"https:\/\/dgospel.com.br\/portal\/index.php\/wp-json\/wp\/v2\/posts"}],"about":[{"href":"https:\/\/dgospel.com.br\/portal\/index.php\/wp-json\/wp\/v2\/types\/post"}],"author":[{"embeddable":true,"href":"https:\/\/dgospel.com.br\/portal\/index.php\/wp-json\/wp\/v2\/users\/2"}],"replies":[{"embeddable":true,"href":"https:\/\/dgospel.com.br\/portal\/index.php\/wp-json\/wp\/v2\/comments?post=20665"}],"version-history":[{"count":1,"href":"https:\/\/dgospel.com.br\/portal\/index.php\/wp-json\/wp\/v2\/posts\/20665\/revisions"}],"predecessor-version":[{"id":20667,"href":"https:\/\/dgospel.com.br\/portal\/index.php\/wp-json\/wp\/v2\/posts\/20665\/revisions\/20667"}],"wp:featuredmedia":[{"embeddable":true,"href":"https:\/\/dgospel.com.br\/portal\/index.php\/wp-json\/wp\/v2\/media\/20666"}],"wp:attachment":[{"href":"https:\/\/dgospel.com.br\/portal\/index.php\/wp-json\/wp\/v2\/media?parent=20665"}],"wp:term":[{"taxonomy":"category","embeddable":true,"href":"https:\/\/dgospel.com.br\/portal\/index.php\/wp-json\/wp\/v2\/categories?post=20665"},{"taxonomy":"post_tag","embeddable":true,"href":"https:\/\/dgospel.com.br\/portal\/index.php\/wp-json\/wp\/v2\/tags?post=20665"}],"curies":[{"name":"wp","href":"https:\/\/api.w.org\/{rel}","templated":true}]}}