{"id":2067,"date":"2018-12-13T19:13:37","date_gmt":"2018-12-13T21:13:37","guid":{"rendered":"http:\/\/dgospel.com.br\/portal\/?p=2067"},"modified":"2018-12-13T19:13:37","modified_gmt":"2018-12-13T21:13:37","slug":"haddad-e-condenado-a-pagar-r-79-mil-de-indenizacao-ao-bispo-edir-macedo","status":"publish","type":"post","link":"https:\/\/dgospel.com.br\/portal\/index.php\/2018\/12\/13\/haddad-e-condenado-a-pagar-r-79-mil-de-indenizacao-ao-bispo-edir-macedo\/","title":{"rendered":"Haddad \u00e9 condenado a pagar R$ 79 mil de indeniza\u00e7\u00e3o ao bispo Edir Macedo"},"content":{"rendered":"<p>O ex-prefeito de SP Fernando Haddad (PT)\u00a0foi condenado a pagar R$ 79.182 de\u00a0indeniza\u00e7\u00e3o ao bispo Edir Macedo, da Igreja Universal do Reino de Deus, por t\u00ea-lo chamado de \u201ccharlat\u00e3o\u201d.<\/p>\n<p>A decis\u00e3o assinada pelo juiz Marco Antonio Botto Muscari ainda imp\u00f5e que Haddad se retrate e se abstenha de novas atitudes semelhantes em rela\u00e7\u00e3o ao tamb\u00e9m dono da TV Record, sob pena de multa por descumprimento.<\/p>\n<p>\u201cConhecedor privilegiado das normas jur\u00eddicas do Pa\u00eds, porquanto estudou na mais tradicional faculdade de Direito brasileira, o r\u00e9u obviamente sabe que acusa\u00e7\u00f5es passadas de \u2018charlatanismo, estelionato e curandeirismo\u2019, seguidas de absolvi\u00e7\u00e3o, apenas refor\u00e7am a presun\u00e7\u00e3o constitucional de inoc\u00eancia do bispo Macedo\u201d, afirma o juiz.<\/p>\n<p>A defesa de Haddad diz n\u00e3o concordar com a decis\u00e3o, e que ir\u00e1 recorrer. \u201cA senten\u00e7a foi dada pouco tempo depois de n\u00f3s juntarmos as nossas contesta\u00e7\u00e3o ao processo, o que pode indicar que j\u00e1 havia um entendimento do que decidir\u201d, afirma o advogado do ex-prefeito, Igor Tamasauskas, do escrit\u00f3rio Bottini &amp; Tamasauskas.<\/p>\n<p>\u201cO Edir \u00e9 um l\u00edder que\u00a0entrou no debate presidencial. Ele n\u00e3o pode se sentir ofendido por uma cr\u00edtica pol\u00edtica\u201d, diz Tamasauskas.<\/p>\n<p><strong><a href=\"https:\/\/folhagospel.com\/edir-macedo-processa-haddad-apos-ser-chamado-de-charlatao\/\" aria-label=\"Macedo\u00a0processou Haddad em outubro\u00a0citando uma entrevista na qual o petista afirma que \u201cBolsonaro \u00e9 o casamento do neoliberalismo desalmado, representado pelo Paulo Guedes, que corta direitos trabalhistas e sociais, com o fundamentalismo charlat\u00e3o do Edir Macedo&quot;.\u00a0 (opens in a new tab)\">Macedo\u00a0processou Haddad<\/a><\/strong>\u00a0em outubro\u00a0citando uma entrevista na qual o petista afirma que \u201cBolsonaro \u00e9 o casamento do neoliberalismo desalmado, representado pelo Paulo Guedes, que corta direitos trabalhistas e sociais, com o fundamentalismo charlat\u00e3o do Edir Macedo\u201d.<\/p>\n<p>O l\u00edder religioso afirma que doar\u00e1 o valor da indeniza\u00e7\u00e3o para uma institui\u00e7\u00e3o de caridade que cuida de crian\u00e7as com Down, autismo e paralisia cerebral.<\/p>\n<p><strong>Fonte: Folha de S. Paulo<\/strong><\/p>\n<p>&nbsp;<\/p>\n","protected":false},"excerpt":{"rendered":"<p>O ex-prefeito de SP Fernando Haddad (PT)\u00a0foi condenado a pagar R$ 79.182 de\u00a0indeniza\u00e7\u00e3o ao bispo Edir Macedo, da Igreja Universal do Reino de Deus, por t\u00ea-lo chamado de \u201ccharlat\u00e3o\u201d. A decis\u00e3o assinada pelo juiz Marco Antonio Botto Muscari ainda imp\u00f5e que Haddad se retrate e se abstenha de novas atitudes semelhantes em rela\u00e7\u00e3o ao tamb\u00e9m [&hellip;]<\/p>\n","protected":false},"author":2,"featured_media":2068,"comment_status":"open","ping_status":"open","sticky":false,"template":"","format":"standard","meta":[],"categories":[2,6],"tags":[],"_links":{"self":[{"href":"https:\/\/dgospel.com.br\/portal\/index.php\/wp-json\/wp\/v2\/posts\/2067"}],"collection":[{"href":"https:\/\/dgospel.com.br\/portal\/index.php\/wp-json\/wp\/v2\/posts"}],"about":[{"href":"https:\/\/dgospel.com.br\/portal\/index.php\/wp-json\/wp\/v2\/types\/post"}],"author":[{"embeddable":true,"href":"https:\/\/dgospel.com.br\/portal\/index.php\/wp-json\/wp\/v2\/users\/2"}],"replies":[{"embeddable":true,"href":"https:\/\/dgospel.com.br\/portal\/index.php\/wp-json\/wp\/v2\/comments?post=2067"}],"version-history":[{"count":1,"href":"https:\/\/dgospel.com.br\/portal\/index.php\/wp-json\/wp\/v2\/posts\/2067\/revisions"}],"predecessor-version":[{"id":2069,"href":"https:\/\/dgospel.com.br\/portal\/index.php\/wp-json\/wp\/v2\/posts\/2067\/revisions\/2069"}],"wp:featuredmedia":[{"embeddable":true,"href":"https:\/\/dgospel.com.br\/portal\/index.php\/wp-json\/wp\/v2\/media\/2068"}],"wp:attachment":[{"href":"https:\/\/dgospel.com.br\/portal\/index.php\/wp-json\/wp\/v2\/media?parent=2067"}],"wp:term":[{"taxonomy":"category","embeddable":true,"href":"https:\/\/dgospel.com.br\/portal\/index.php\/wp-json\/wp\/v2\/categories?post=2067"},{"taxonomy":"post_tag","embeddable":true,"href":"https:\/\/dgospel.com.br\/portal\/index.php\/wp-json\/wp\/v2\/tags?post=2067"}],"curies":[{"name":"wp","href":"https:\/\/api.w.org\/{rel}","templated":true}]}}