{"id":20671,"date":"2024-09-18T16:59:51","date_gmt":"2024-09-18T19:59:51","guid":{"rendered":"https:\/\/dgospel.com.br\/portal\/?p=20671"},"modified":"2024-09-18T16:59:52","modified_gmt":"2024-09-18T19:59:52","slug":"governador-do-df-afirma-que-lula-demonstra-desconhecimento-e-insensibilidade-diante-das-queimadas","status":"publish","type":"post","link":"https:\/\/dgospel.com.br\/portal\/index.php\/2024\/09\/18\/governador-do-df-afirma-que-lula-demonstra-desconhecimento-e-insensibilidade-diante-das-queimadas\/","title":{"rendered":"Governador do DF afirma que Lula demonstra \u201cdesconhecimento\u201d e \u201cinsensibilidade\u201d diante das queimadas"},"content":{"rendered":"\n<p>O governador do Distrito Federal,&nbsp;<strong>Ibaneis Rocha<\/strong>&nbsp;(MDB), fez duras cr\u00edticas ao presidente&nbsp;<strong>Luiz In\u00e1cio Lula da Silva<\/strong>&nbsp;(PT) em rela\u00e7\u00e3o \u00e0 atua\u00e7\u00e3o do governo federal no combate \u00e0s&nbsp;<strong>queimadas<\/strong>&nbsp;no&nbsp;<strong>Parque Nacional de Bras\u00edlia<\/strong>. A insatisfa\u00e7\u00e3o de Ibaneis veio ap\u00f3s declara\u00e7\u00f5es de Lula que expressaram descontentamento com o desempenho do Corpo de Bombeiros na capital.<\/p>\n\n\n\n<p>Em uma postagem nas redes sociais, Ibaneis acusou Lula de demonstrar&nbsp;<strong>\u201cdesconhecimento\u201d<\/strong>&nbsp;e&nbsp;<strong>\u201cinsensibilidade\u201d<\/strong>&nbsp;sobre o esfor\u00e7o dos bombeiros e demais agentes envolvidos no combate aos inc\u00eandios que devastam o Distrito Federal. O governador destacou que o&nbsp;<strong>Parque Nacional de Bras\u00edlia<\/strong>&nbsp;\u00e9 uma&nbsp;<strong>\u00e1rea federal<\/strong>&nbsp;e afirmou que o&nbsp;<strong>DF<\/strong>&nbsp;se sente&nbsp;<strong>\u201csozinho\u201d<\/strong>&nbsp;e&nbsp;<strong>\u201cignorado\u201d<\/strong>&nbsp;pelas autoridades federais.<\/p>\n\n\n\n<p>Nos primeiros 16 dias de setembro, o&nbsp;<strong>Corpo de Bombeiros Militar do Distrito Federal (CBMDF)<\/strong>&nbsp;registrou&nbsp;<strong>1.546 ocorr\u00eancias<\/strong>, com mais de&nbsp;<strong>6.302 hectares<\/strong>&nbsp;de vegeta\u00e7\u00e3o destru\u00eddos pelo fogo, incluindo&nbsp;<strong>1.546 hectares<\/strong>&nbsp;queimados no Parque Nacional de Bras\u00edlia. O inc\u00eandio, que teve in\u00edcio no domingo (15), continua a consumir a \u00e1rea de prote\u00e7\u00e3o ambiental, sendo classificado como&nbsp;<strong>criminoso<\/strong>&nbsp;pelo&nbsp;<strong>Instituto Chico Mendes de Conserva\u00e7\u00e3o da Biodiversidade (ICMBio)<\/strong>, \u00f3rg\u00e3o vinculado ao Minist\u00e9rio do Meio Ambiente.<\/p>\n\n\n\n<h3><strong>Declara\u00e7\u00e3o de Ibaneis Rocha<\/strong><\/h3>\n\n\n\n<p>\u201cO presidente revela n\u00e3o s\u00f3&nbsp;<strong>desconhecimento<\/strong>, como tamb\u00e9m&nbsp;<strong>insensibilidade<\/strong>&nbsp;diante do efetivo trabalho do Corpo de Bombeiros de Bras\u00edlia, da Defesa Civil e de outros agentes envolvidos, que se dedicam diuturnamente a combater os focos de inc\u00eandios e s\u00e3o comprometidos com a\u00e7\u00f5es preventivas ao longo de todo o ano. Por esta raz\u00e3o, s\u00e3o institui\u00e7\u00f5es&nbsp;<strong>respeitadas e admiradas pela popula\u00e7\u00e3o<\/strong>. Infelizmente, o presidente, como&nbsp;<strong>morador transit\u00f3rio<\/strong>&nbsp;de Bras\u00edlia, deve estar preocupado em explicar a incapacidade e precariedade dos \u00f3rg\u00e3os federais em regi\u00f5es onde devia ser mais presente.&nbsp;<strong>Desleixo<\/strong>&nbsp;inclusive com o Parque Nacional, que apesar de ser uma&nbsp;<strong>\u00e1rea federal<\/strong>, segue ignorado pelas autoridades federais, deixando o DF sozinho na empreitada de sua preserva\u00e7\u00e3o.\u201d<\/p>\n\n\n\n<h3><strong>Resposta do governo federal e nova amea\u00e7a<\/strong><\/h3>\n\n\n\n<p>Em resposta \u00e0 crise, o governo federal anunciou, na ter\u00e7a-feira (17), a&nbsp;<strong>libera\u00e7\u00e3o de R$ 514 milh\u00f5es<\/strong>&nbsp;para o combate \u00e0s queimadas em todo o Brasil. No entanto, a cr\u00edtica de Ibaneis sobre a falta de apoio imediato \u00e0 capital federal continua ecoando.<\/p>\n\n\n\n<p>Al\u00e9m do inc\u00eandio principal, outra preocupa\u00e7\u00e3o surgiu com a&nbsp;<strong>detec\u00e7\u00e3o de um inc\u00eandio subterr\u00e2neo<\/strong>. Segundo o Corpo de Bombeiros, as chamas est\u00e3o queimando material org\u00e2nico sob a terra, o que, somado ao clima seco e ventos fortes, pode fazer com que o fogo retorne \u00e0 superf\u00edcie. Isso exige&nbsp;<strong>vigil\u00e2ncia constante<\/strong>&nbsp;e refor\u00e7o nas opera\u00e7\u00f5es de combate para evitar que a situa\u00e7\u00e3o se agrave ainda mais.<\/p>\n","protected":false},"excerpt":{"rendered":"<p>O governador do Distrito Federal,&nbsp;Ibaneis Rocha&nbsp;(MDB), fez duras cr\u00edticas ao presidente&nbsp;Luiz In\u00e1cio Lula da Silva&nbsp;(PT) em rela\u00e7\u00e3o \u00e0 atua\u00e7\u00e3o do governo federal no combate \u00e0s&nbsp;queimadas&nbsp;no&nbsp;Parque Nacional de Bras\u00edlia. A insatisfa\u00e7\u00e3o de Ibaneis veio ap\u00f3s declara\u00e7\u00f5es de Lula que expressaram descontentamento com o desempenho do Corpo de Bombeiros na capital. Em uma postagem nas redes sociais, [&hellip;]<\/p>\n","protected":false},"author":2,"featured_media":20672,"comment_status":"open","ping_status":"open","sticky":false,"template":"","format":"standard","meta":[],"categories":[4],"tags":[],"_links":{"self":[{"href":"https:\/\/dgospel.com.br\/portal\/index.php\/wp-json\/wp\/v2\/posts\/20671"}],"collection":[{"href":"https:\/\/dgospel.com.br\/portal\/index.php\/wp-json\/wp\/v2\/posts"}],"about":[{"href":"https:\/\/dgospel.com.br\/portal\/index.php\/wp-json\/wp\/v2\/types\/post"}],"author":[{"embeddable":true,"href":"https:\/\/dgospel.com.br\/portal\/index.php\/wp-json\/wp\/v2\/users\/2"}],"replies":[{"embeddable":true,"href":"https:\/\/dgospel.com.br\/portal\/index.php\/wp-json\/wp\/v2\/comments?post=20671"}],"version-history":[{"count":1,"href":"https:\/\/dgospel.com.br\/portal\/index.php\/wp-json\/wp\/v2\/posts\/20671\/revisions"}],"predecessor-version":[{"id":20673,"href":"https:\/\/dgospel.com.br\/portal\/index.php\/wp-json\/wp\/v2\/posts\/20671\/revisions\/20673"}],"wp:featuredmedia":[{"embeddable":true,"href":"https:\/\/dgospel.com.br\/portal\/index.php\/wp-json\/wp\/v2\/media\/20672"}],"wp:attachment":[{"href":"https:\/\/dgospel.com.br\/portal\/index.php\/wp-json\/wp\/v2\/media?parent=20671"}],"wp:term":[{"taxonomy":"category","embeddable":true,"href":"https:\/\/dgospel.com.br\/portal\/index.php\/wp-json\/wp\/v2\/categories?post=20671"},{"taxonomy":"post_tag","embeddable":true,"href":"https:\/\/dgospel.com.br\/portal\/index.php\/wp-json\/wp\/v2\/tags?post=20671"}],"curies":[{"name":"wp","href":"https:\/\/api.w.org\/{rel}","templated":true}]}}