{"id":20683,"date":"2024-09-20T11:19:35","date_gmt":"2024-09-20T14:19:35","guid":{"rendered":"https:\/\/dgospel.com.br\/portal\/?p=20683"},"modified":"2024-09-20T11:19:36","modified_gmt":"2024-09-20T14:19:36","slug":"governado-wanderlei-barbosa-se-reune-com-ministro-e-viabiliza-acao-conjunta-para-o-combate-as-queimadas","status":"publish","type":"post","link":"https:\/\/dgospel.com.br\/portal\/index.php\/2024\/09\/20\/governado-wanderlei-barbosa-se-reune-com-ministro-e-viabiliza-acao-conjunta-para-o-combate-as-queimadas\/","title":{"rendered":"Governado Wanderlei Barbosa se re\u00fane com ministro e viabiliza a\u00e7\u00e3o conjunta para o combate \u00e0s queimadas"},"content":{"rendered":"\n<p>O governador Wanderlei Barbosa participou, nesta quinta-feira, 19, de uma reuni\u00e3o presidida pelo ministro da Casa Civil, Rui Costa, que reuniu nove governadores para discutir as queimadas que afetam v\u00e1rias regi\u00f5es do Brasil. O encontro contou tamb\u00e9m com a presen\u00e7a de ministros e representantes das pastas da Justi\u00e7a, Meio Ambiente, Integra\u00e7\u00e3o e Desenvolvimento Regional, e Rela\u00e7\u00f5es Institucionais.<\/p>\n\n\n\n<p>O principal objetivo da reuni\u00e3o foi ouvir as demandas dos governadores para combater os inc\u00eandios que devastam o pa\u00eds. O Tocantins apresentou as medidas que j\u00e1 est\u00e1 adotando, incluindo duas a\u00e7\u00f5es principais em andamento: a mobiliza\u00e7\u00e3o de uma for\u00e7a-tarefa organizada pela Secretaria de Estado do Trabalho e Desenvolvimento Social (Setas), em colabora\u00e7\u00e3o com os prefeitos das cidades mais afetadas, para fornecer apoio emergencial \u00e0s popula\u00e7\u00f5es em situa\u00e7\u00e3o cr\u00edtica; e o refor\u00e7o nas a\u00e7\u00f5es repressivas pela Pol\u00edcia Militar e pela Secretaria de Estado da Seguran\u00e7a P\u00fablica (SSP), com \u00eanfase na preven\u00e7\u00e3o e combate aos inc\u00eandios criminosos.<\/p>\n\n\n\n<p>Durante o encontro, o governador Wanderlei Barbosa destacou a import\u00e2ncia da uni\u00e3o entre os estados e o Governo Federal para enfrentar essa situa\u00e7\u00e3o ambiental. \u201cEstou participando de uma importante reuni\u00e3o com governadores dos Cons\u00f3rcios da Amaz\u00f4nia e Brasil Central, juntamente com ministros do Governo Federal, em busca de solu\u00e7\u00f5es concretas para reduzir os focos de inc\u00eandio que est\u00e3o afetando diversas regi\u00f5es do pa\u00eds. Nossa prioridade \u00e9 encontrar alternativas eficazes para proteger o meio ambiente e as popula\u00e7\u00f5es impactadas, trabalhando de forma integrada e coordenada para enfrentar essa crise que atinge o territ\u00f3rio nacional\u201d, ressaltou o governador Wanderlei Barbosa.&nbsp;<\/p>\n\n\n\n<p>Estiveram presentes acompanhando o governador Wanderlei Barbosa, o secret\u00e1rio do Meio Ambiente e Recursos H\u00eddricos (Semarh), Marcello Lelis, o secret\u00e1rio da Casa Civil, Deocleciano Gomes e o secret\u00e1rio de Representa\u00e7\u00e3o do Estado do Tocantins em Bras\u00edlia, Carlos Manzini J\u00fanior.&nbsp;<\/p>\n\n\n\n<p><strong>Iniciativas do Governo Federal<\/strong><\/p>\n\n\n\n<p>Durante a reuni\u00e3o, uma das medidas destacadas foi a assinatura de um decreto que cria o Comit\u00ea Interinstitucional de Gest\u00e3o e o Comit\u00ea Executivo, no \u00e2mbito do Pacto pela Transforma\u00e7\u00e3o Ecol\u00f3gica, que une os tr\u00eas poderes do Estado brasileiro. Este pacto, institu\u00eddo recentemente no Pal\u00e1cio do Planalto, tem como objetivo promover a coopera\u00e7\u00e3o entre as esferas de Governo.<\/p>\n\n\n\n<p>O Governo Federal planeja criar um fundo espec\u00edfico para a gest\u00e3o de recursos voltados \u00e0 biomas como a Caatinga, o Cerrado, a Mata Atl\u00e2ntica, o Pampa e o Pantanal. A iniciativa visa facilitar a doa\u00e7\u00e3o de recursos estrangeiros para projetos ambientais. O presidente da Rep\u00fablica, Luiz In\u00e1cio Lula da Silva, se reuniu com chefes dos demais poderes nesta ter\u00e7a-feira, 17, e definiu uma s\u00e9rie de medidas, entre as quais, a publica\u00e7\u00e3o de uma medida provis\u00f3ria (MP) para abrir um cr\u00e9dito extraordin\u00e1rio de R$ 514 milh\u00f5es, destinado a diversos \u00f3rg\u00e3os respons\u00e1veis por enfrentar a crise clim\u00e1tica.<\/p>\n\n\n\n<p><strong>Situa\u00e7\u00e3o das queimadas no Tocantins<\/strong><\/p>\n\n\n\n<p>Segundo o boletim mais recente do Centro de Intelig\u00eancia Geogr\u00e1fica em Gest\u00e3o do Meio Ambiente (Cigma), com dados coletados entre os dias 10 e 16 de setembro de 2024, o Tocantins registrou 13.448 focos de queimadas. Os munic\u00edpios mais afetados s\u00e3o Lagoa da Confus\u00e3o (353 focos), Pium (187), Formoso do Araguaia (225), Miracema do Tocantins (83) e Mateiros (46).<\/p>\n\n\n\n<p><img src=\"https:\/\/central.to.gov.br\/image\/393877?w=670&amp;h=383\"><\/p>\n\n\n\n<p>O principal objetivo da reuni\u00e3o foi ouvir as demandas dos governadores para combater os inc\u00eandios que devastam o pa\u00eds &#8211; Vin\u00edcius Santa Rosa\/Governo do Tocantins&nbsp;<a href=\"https:\/\/central.to.gov.br\/image\/393877?f=1\" target=\"_blank\" rel=\"noreferrer noopener\"><em>file_download<\/em><\/a><\/p>\n\n\n\n<p><img src=\"https:\/\/central.to.gov.br\/image\/393878?w=670&amp;h=383\"><\/p>\n\n\n\n<p>Defesa Civil implementa mudan\u00e7as a fim de fortalecer a capacidade do \u00f3rg\u00e3o no gerenciamento de crises, em resposta ao aumento de eventos clim\u00e1ticos extremos &#8211; Vin\u00edcius Santa Rosa\/Governo do Tocantins&nbsp;<a href=\"https:\/\/central.to.gov.br\/image\/393878?f=1\" target=\"_blank\" rel=\"noreferrer noopener\"><em>file_download<\/em><\/a><\/p>\n\n\n\n<p><img src=\"https:\/\/central.to.gov.br\/image\/393875?w=670&amp;h=383\"><\/p>\n\n\n\n<p>Secret\u00e1rio da Semarh, Marcello Lelis, secret\u00e1rio da Casa Civil, Deocleciano Gomes e secret\u00e1rio da Serb, Carlos Manzini J\u00fanior, tamb\u00e9m estiveram presentes &#8211; Vin\u00edcius Santa Rosa\/Governo do Tocantins&nbsp;<a href=\"https:\/\/central.to.gov.br\/image\/393875?f=1\" target=\"_blank\" rel=\"noreferrer noopener\"><em>file_download<\/em><\/a><\/p>\n\n\n\n<p><img src=\"https:\/\/central.to.gov.br\/image\/393874?w=670&amp;h=383\"><\/p>\n\n\n\n<p>O ministro da Casa Civil, Rui Costa, recebeu os governadores de estados da Amaz\u00f4nia Legal, Pantanal e Cerrado para discutir a\u00e7\u00f5es de combate \u00e0s queimadas e \u00e0 estiagem &#8211; Vin\u00edcius Santa Rosa\/Governo do Tocantins&nbsp;<a href=\"https:\/\/central.to.gov.br\/image\/393874?f=1\" target=\"_blank\" rel=\"noreferrer noopener\"><em>file_download<\/em><\/a><\/p>\n","protected":false},"excerpt":{"rendered":"<p>O governador Wanderlei Barbosa participou, nesta quinta-feira, 19, de uma reuni\u00e3o presidida pelo ministro da Casa Civil, Rui Costa, que reuniu nove governadores para discutir as queimadas que afetam v\u00e1rias regi\u00f5es do Brasil. O encontro contou tamb\u00e9m com a presen\u00e7a de ministros e representantes das pastas da Justi\u00e7a, Meio Ambiente, Integra\u00e7\u00e3o e Desenvolvimento Regional, e [&hellip;]<\/p>\n","protected":false},"author":2,"featured_media":20684,"comment_status":"open","ping_status":"open","sticky":false,"template":"","format":"standard","meta":[],"categories":[3],"tags":[13],"_links":{"self":[{"href":"https:\/\/dgospel.com.br\/portal\/index.php\/wp-json\/wp\/v2\/posts\/20683"}],"collection":[{"href":"https:\/\/dgospel.com.br\/portal\/index.php\/wp-json\/wp\/v2\/posts"}],"about":[{"href":"https:\/\/dgospel.com.br\/portal\/index.php\/wp-json\/wp\/v2\/types\/post"}],"author":[{"embeddable":true,"href":"https:\/\/dgospel.com.br\/portal\/index.php\/wp-json\/wp\/v2\/users\/2"}],"replies":[{"embeddable":true,"href":"https:\/\/dgospel.com.br\/portal\/index.php\/wp-json\/wp\/v2\/comments?post=20683"}],"version-history":[{"count":1,"href":"https:\/\/dgospel.com.br\/portal\/index.php\/wp-json\/wp\/v2\/posts\/20683\/revisions"}],"predecessor-version":[{"id":20685,"href":"https:\/\/dgospel.com.br\/portal\/index.php\/wp-json\/wp\/v2\/posts\/20683\/revisions\/20685"}],"wp:featuredmedia":[{"embeddable":true,"href":"https:\/\/dgospel.com.br\/portal\/index.php\/wp-json\/wp\/v2\/media\/20684"}],"wp:attachment":[{"href":"https:\/\/dgospel.com.br\/portal\/index.php\/wp-json\/wp\/v2\/media?parent=20683"}],"wp:term":[{"taxonomy":"category","embeddable":true,"href":"https:\/\/dgospel.com.br\/portal\/index.php\/wp-json\/wp\/v2\/categories?post=20683"},{"taxonomy":"post_tag","embeddable":true,"href":"https:\/\/dgospel.com.br\/portal\/index.php\/wp-json\/wp\/v2\/tags?post=20683"}],"curies":[{"name":"wp","href":"https:\/\/api.w.org\/{rel}","templated":true}]}}