{"id":20686,"date":"2024-09-20T11:22:47","date_gmt":"2024-09-20T14:22:47","guid":{"rendered":"https:\/\/dgospel.com.br\/portal\/?p=20686"},"modified":"2024-09-20T11:22:48","modified_gmt":"2024-09-20T14:22:48","slug":"governo-do-tocantins-lanca-projeto-abracando-a-mulher-idosa","status":"publish","type":"post","link":"https:\/\/dgospel.com.br\/portal\/index.php\/2024\/09\/20\/governo-do-tocantins-lanca-projeto-abracando-a-mulher-idosa\/","title":{"rendered":"Governo do Tocantins lan\u00e7a projeto Abra\u00e7ando a Mulher Idosa"},"content":{"rendered":"\n<p>O Governo do Tocantins, por meio da Secretaria de Estado da Mulher (SecMulher), em parceria com o Servi\u00e7o Social do Com\u00e9rcio (Sesc Tocantins), realizou nesta quinta-feira, 19, o lan\u00e7amento do projeto&nbsp;<em>Abra\u00e7ando a Mulher Idosa<\/em>&nbsp;no Centro de Atividades da Regi\u00e3o Norte, em Palmas. O projeto tem como objetivo apoiar as mulheres idosas, fortalecer sua autoestima, prevenir a viol\u00eancia e incentiv\u00e1-las a buscar apoio e orienta\u00e7\u00e3o profissional.<br><br>Durante o lan\u00e7amento, a Secret\u00e1ria de Estado da Mulher, Berenice Barbosa, destacou a import\u00e2ncia da iniciativa. \u201cHoje, estamos dando um passo significativo na valoriza\u00e7\u00e3o das nossas mulheres idosas. O&nbsp;<em>Abra\u00e7ando a Mulher Idosa<\/em>&nbsp;\u00e9 uma iniciativa essencial para fortalecer a autoestima e garantir que essas mulheres saibam que s\u00e3o merecedoras de respeito e dignidade. Queremos que cada idosa entenda seus direitos e sinta-se encorajada a buscar apoio em situa\u00e7\u00f5es de vulnerabilidade. Al\u00e9m disso, o Governo do Tocantins tem trabalhado para promover pol\u00edticas p\u00fablicas que assegurem a inclus\u00e3o, prote\u00e7\u00e3o e autonomia dessas mulheres,\u201d enfatizou.<\/p>\n\n\n\n<p>A assistente social e t\u00e9cnica respons\u00e1vel pelo grupo de idosos do Sesc em Palmas, N\u00fabia Pereira, explicou que o maior desafio na conscientiza\u00e7\u00e3o sobre a viol\u00eancia contra as mulheres idosas \u00e9 a falta de informa\u00e7\u00e3o, tanto por parte das idosas quanto de suas fam\u00edlias, e destacou que a pr\u00f3pria fam\u00edlia muitas vezes \u00e9 negligente e n\u00e3o oferece o apoio necess\u00e1rio. &#8220;A solid\u00e3o e o abandono por parte de familiares e amigos s\u00e3o as formas mais comuns de viol\u00eancia enfrentadas pelos idosos. No Sesc, trabalhamos com o acolhimento humanizado, proporcionando qualidade de vida por meio dos servi\u00e7os oferecidos, e essa parceria com a Secretaria de Estado da Mulher \u00e9 uma grande oportunidade para melhorar o apoio aos idosos, facilitando o encaminhamento a servi\u00e7os especializados e garantindo acesso a uma equipe multidisciplinar&#8221;, finalizou.<br><br>Maria Marta, frequentadora do Sesc desde janeiro de 2024, enfatizou como o projeto&nbsp;<em>Abra\u00e7ando a Mulher Idosa<\/em>&nbsp;\u00e9 fundamental para proporcionar liberdade, divers\u00e3o e socializa\u00e7\u00e3o aos participantes. &#8220;O Sesc oferece um ambiente acolhedor onde podemos participar de bailes, passeios e din\u00e2micas que trazem energia positiva para o nosso dia a dia. A amizade e o apoio entre n\u00f3s s\u00e3o essenciais. Apesar da idade, nos sentimos alegres e ativas, rejuvenescidas pela conviv\u00eancia e pelas atividades que o Sesc proporciona&nbsp;e&nbsp;projetos como esse&nbsp;proporcionam alegria para n\u00f3s idosos, ressaltou.<br><br>A quest\u00e3o da viol\u00eancia contra a pessoa idosa foi um dos temas centrais abordados no evento, destacando a gravidade desse problema, que se manifesta de diversas formas, como neglig\u00eancia, abuso f\u00edsico, psicol\u00f3gico e sexual. Muitas dessas viol\u00eancias ocorrem dentro de rela\u00e7\u00f5es de confian\u00e7a, o que agrava o sofrimento das v\u00edtimas. Dados do Disque 100, canal do Minist\u00e9rio dos Direitos Humanos e da Cidadania (MDHC), indicam um aumento preocupante nos casos de viol\u00eancia contra idosos. Neste ano, o Disque 100 registrou 129,5 mil viola\u00e7\u00f5es f\u00edsicas contra a pessoa idosa de janeiro a maio, um aumento de 106% em rela\u00e7\u00e3o ao mesmo per\u00edodo do ano passado, quando houve 62,7 mil registros. A maior parte das agress\u00f5es f\u00edsicas acontece dentro da pr\u00f3pria casa da pessoa idosa, no seio da fam\u00edlia, cometidas por pessoas muito pr\u00f3ximas, como filhos, c\u00f4njuges, netos ou cuidadores domiciliares.<br><br>As atividades do projeto foram voltadas para melhorar a qualidade de vida das participantes e ressignificar suas experi\u00eancias, por meio de rodas de conversa com temas que esclareceram os direitos das idosas e as incentivaram a buscar apoio profissional, especialmente aquelas que j\u00e1 vivenciaram situa\u00e7\u00f5es de viol\u00eancia. A programa\u00e7\u00e3o incluiu apresenta\u00e7\u00e3o do Cordel Maria da Penha, uma din\u00e2mica de autocuidado conduzida pela psic\u00f3loga Caroline Penido, e uma roda de conversa sobre&nbsp;<em>Viol\u00eancia Contra o Idoso<\/em>, coordenada pela diretora \u00c1urea. Al\u00e9m disso, o evento contou com uma apresenta\u00e7\u00e3o musical do Sexteto 190, do Corpo Musical da Pol\u00edcia Militar do Tocantins.<br><br>Durante o evento, as participantes puderam desfrutar de um&nbsp;<em>coffee break<\/em>&nbsp;e aproveitar uma tarde de beleza, que incluiu corte de cabelo, maquiagem e a confec\u00e7\u00e3o do Cart\u00e3o do Idoso. Al\u00e9m do Sesc, o projeto contou com a parceria da Secretaria do Trabalho e Desenvolvimento Social (Setas), Departamento Estadual de Tr\u00e2nsito do Tocantins (Detran\/TO), Servi\u00e7o Social do Transporte e Servi\u00e7o Nacional de Aprendizagem do Transporte (Sest\/Senat), Pol\u00edcia Militar e a&nbsp;<em>Mary Kay<\/em>.<\/p>\n\n\n\n<p>Edi\u00e7\u00e3o: Alba Cobo<\/p>\n\n\n\n<p><img src=\"https:\/\/central.to.gov.br\/image\/393901?w=670&amp;h=383\"><\/p>\n\n\n\n<p>Momento especial do corte de cabelo realizado pela equipe da Setas &#8211; Ademir dos Anjos\/Governo do Tocantins&nbsp;<a href=\"https:\/\/central.to.gov.br\/image\/393901?f=1\" target=\"_blank\" rel=\"noreferrer noopener\"><em>file_download<\/em><\/a><\/p>\n\n\n\n<p><img src=\"https:\/\/central.to.gov.br\/image\/393899?w=670&amp;h=383\"><\/p>\n\n\n\n<p>Detran realizou a confec\u00e7\u00e3o do Cart\u00e3o do Idoso, garantindo mais conforto e respeito aos nossos idosos &#8211; Ademir dos Anjos\/Governo do Tocantins&nbsp;<a href=\"https:\/\/central.to.gov.br\/image\/393899?f=1\" target=\"_blank\" rel=\"noreferrer noopener\"><em>file_download<\/em><\/a><\/p>\n\n\n\n<p><img src=\"https:\/\/central.to.gov.br\/image\/393898?w=670&amp;h=383\"><\/p>\n\n\n\n<p>As atividades do projeto foram voltadas para melhorar a qualidade de vida das participantes e ressignificar suas experi\u00eancias, com palestras, cursos e oficinas que esclareceram os direitos das idosas e as incentivaram a procurar apoio profissional &#8211; Ademir dos Anjos\/Governo do Tocantins&nbsp;<a href=\"https:\/\/central.to.gov.br\/image\/393898?f=1\" target=\"_blank\" rel=\"noreferrer noopener\"><em>file_download<\/em><\/a><\/p>\n\n\n\n<p><img src=\"https:\/\/central.to.gov.br\/image\/393897?w=670&amp;h=383\"><\/p>\n\n\n\n<p>Maria Marta, frequentadora do Sesc desde janeiro de 2024, enfatizou como o projeto Abra\u00e7ando a Mulher Idosa \u00e9 fundamental para proporcionar liberdade, divers\u00e3o e socializa\u00e7\u00e3o \u00e0s participantes &#8211; Ademir dos Anjos\/Governo do Tocantins&nbsp;<a href=\"https:\/\/central.to.gov.br\/image\/393897?f=1\" target=\"_blank\" rel=\"noreferrer noopener\"><em>file_download<\/em><\/a><\/p>\n","protected":false},"excerpt":{"rendered":"<p>O Governo do Tocantins, por meio da Secretaria de Estado da Mulher (SecMulher), em parceria com o Servi\u00e7o Social do Com\u00e9rcio (Sesc Tocantins), realizou nesta quinta-feira, 19, o lan\u00e7amento do projeto&nbsp;Abra\u00e7ando a Mulher Idosa&nbsp;no Centro de Atividades da Regi\u00e3o Norte, em Palmas. O projeto tem como objetivo apoiar as mulheres idosas, fortalecer sua autoestima, prevenir [&hellip;]<\/p>\n","protected":false},"author":2,"featured_media":20687,"comment_status":"open","ping_status":"open","sticky":false,"template":"","format":"standard","meta":[],"categories":[3],"tags":[13],"_links":{"self":[{"href":"https:\/\/dgospel.com.br\/portal\/index.php\/wp-json\/wp\/v2\/posts\/20686"}],"collection":[{"href":"https:\/\/dgospel.com.br\/portal\/index.php\/wp-json\/wp\/v2\/posts"}],"about":[{"href":"https:\/\/dgospel.com.br\/portal\/index.php\/wp-json\/wp\/v2\/types\/post"}],"author":[{"embeddable":true,"href":"https:\/\/dgospel.com.br\/portal\/index.php\/wp-json\/wp\/v2\/users\/2"}],"replies":[{"embeddable":true,"href":"https:\/\/dgospel.com.br\/portal\/index.php\/wp-json\/wp\/v2\/comments?post=20686"}],"version-history":[{"count":1,"href":"https:\/\/dgospel.com.br\/portal\/index.php\/wp-json\/wp\/v2\/posts\/20686\/revisions"}],"predecessor-version":[{"id":20688,"href":"https:\/\/dgospel.com.br\/portal\/index.php\/wp-json\/wp\/v2\/posts\/20686\/revisions\/20688"}],"wp:featuredmedia":[{"embeddable":true,"href":"https:\/\/dgospel.com.br\/portal\/index.php\/wp-json\/wp\/v2\/media\/20687"}],"wp:attachment":[{"href":"https:\/\/dgospel.com.br\/portal\/index.php\/wp-json\/wp\/v2\/media?parent=20686"}],"wp:term":[{"taxonomy":"category","embeddable":true,"href":"https:\/\/dgospel.com.br\/portal\/index.php\/wp-json\/wp\/v2\/categories?post=20686"},{"taxonomy":"post_tag","embeddable":true,"href":"https:\/\/dgospel.com.br\/portal\/index.php\/wp-json\/wp\/v2\/tags?post=20686"}],"curies":[{"name":"wp","href":"https:\/\/api.w.org\/{rel}","templated":true}]}}