{"id":20693,"date":"2024-09-23T15:22:16","date_gmt":"2024-09-23T18:22:16","guid":{"rendered":"https:\/\/dgospel.com.br\/portal\/?p=20693"},"modified":"2024-09-23T15:22:18","modified_gmt":"2024-09-23T18:22:18","slug":"com-lula-amazonia-e-pantanal-tem-piores-incendios-em-20-anos","status":"publish","type":"post","link":"https:\/\/dgospel.com.br\/portal\/index.php\/2024\/09\/23\/com-lula-amazonia-e-pantanal-tem-piores-incendios-em-20-anos\/","title":{"rendered":"Com Lula, Amaz\u00f4nia e Pantanal t\u00eam piores inc\u00eandios em 20 anos"},"content":{"rendered":"\n<p>N\u00e3o h\u00e1 d\u00favidas de que 2024 tem sido hist\u00f3rico para a quest\u00e3o ambiental brasileira, mas sob uma \u00f3tica amplamente negativa. Esse fato foi refor\u00e7ado por uma constata\u00e7\u00e3o divulgada nesta segunda-feira (23) por cientistas do Observat\u00f3rio Europeu Copernicus, que apontaram que a&nbsp;<a href=\"http:\/\/pleno.news\/tag\/amazonia\" target=\"_blank\" rel=\"noreferrer noopener\">Amaz\u00f4nia<\/a>&nbsp;e o&nbsp;<a href=\"http:\/\/pleno.news\/tag\/pantanal\" target=\"_blank\" rel=\"noreferrer noopener\">Pantanal<\/a>&nbsp;enfrentam seus piores inc\u00eandios em quase 20 anos.<\/p>\n\n\n\n<p>De acordo com o Servi\u00e7o de Monitoramento da Atmosfera do Copernicus (CAMS), os inc\u00eandios na regi\u00e3o t\u00eam se mantido acima da m\u00e9dia. O dado considera tanto o n\u00famero de focos de queimadas quanto a extens\u00e3o das \u00e1reas afetadas e as emiss\u00f5es de carbono geradas.<\/p>\n\n\n\n<p>Em todo o territ\u00f3rio brasileiro, as emiss\u00f5es acumuladas neste ano j\u00e1 chegaram a 183 megatoneladas de carbono at\u00e9 19 de setembro. Estados como Amazonas e Mato Grosso do Sul, onde est\u00e3o localizadas a Amaz\u00f4nia e o Pantanal, registraram as maiores emiss\u00f5es em 22 anos de monitoramento, com 28 e 15 megatoneladas de carbono emitidas neste ano, respectivamente.<\/p>\n\n\n\n<p>Para o Copernicus, os inc\u00eandios ocorridos neste ano s\u00e3o considerados fora do comum, mesmo durante o atual per\u00edodo de julho a setembro, quando normalmente ocorrem queimadas. O impacto, inclusive, tem ultrapassado as fronteiras brasileiras, \u201cchegando a atravessar o Atl\u00e2ntico\u201d.<\/p>\n\n\n\n<p>\u2013 Em 2024, os inc\u00eandios na Am\u00e9rica do Sul t\u00eam se mostrado muito acima da m\u00e9dia, especialmente na Amaz\u00f4nia e no Pantanal. A fuma\u00e7a gerada afetou \u00e1reas muito al\u00e9m dos locais onde os inc\u00eandios ocorreram \u2013 destacou Mark Parrington, cientista s\u00eanior do CAMS.<\/p>\n\n\n\n<p>Ainda de acordo com o observat\u00f3rio, as altas temperaturas, seca prolongada e outros fatores clim\u00e1ticos contribu\u00edram para o aumento da intensidade do fogo e seus efeitos na qualidade do ar.<\/p>\n\n\n\n<p>\u2013 A extens\u00e3o da fuma\u00e7a e os efeitos na qualidade do ar indicam a gravidade e a intensidade das chamas. \u00c9 fundamental manter o monitoramento desses inc\u00eandios e suas emiss\u00f5es para entender melhor seu impacto na qualidade do ar e na atmosfera \u2013 finalizou Parrington.<\/p>\n","protected":false},"excerpt":{"rendered":"<p>N\u00e3o h\u00e1 d\u00favidas de que 2024 tem sido hist\u00f3rico para a quest\u00e3o ambiental brasileira, mas sob uma \u00f3tica amplamente negativa. Esse fato foi refor\u00e7ado por uma constata\u00e7\u00e3o divulgada nesta segunda-feira (23) por cientistas do Observat\u00f3rio Europeu Copernicus, que apontaram que a&nbsp;Amaz\u00f4nia&nbsp;e o&nbsp;Pantanal&nbsp;enfrentam seus piores inc\u00eandios em quase 20 anos. De acordo com o Servi\u00e7o de [&hellip;]<\/p>\n","protected":false},"author":2,"featured_media":20694,"comment_status":"open","ping_status":"open","sticky":false,"template":"","format":"standard","meta":[],"categories":[12,10],"tags":[],"_links":{"self":[{"href":"https:\/\/dgospel.com.br\/portal\/index.php\/wp-json\/wp\/v2\/posts\/20693"}],"collection":[{"href":"https:\/\/dgospel.com.br\/portal\/index.php\/wp-json\/wp\/v2\/posts"}],"about":[{"href":"https:\/\/dgospel.com.br\/portal\/index.php\/wp-json\/wp\/v2\/types\/post"}],"author":[{"embeddable":true,"href":"https:\/\/dgospel.com.br\/portal\/index.php\/wp-json\/wp\/v2\/users\/2"}],"replies":[{"embeddable":true,"href":"https:\/\/dgospel.com.br\/portal\/index.php\/wp-json\/wp\/v2\/comments?post=20693"}],"version-history":[{"count":1,"href":"https:\/\/dgospel.com.br\/portal\/index.php\/wp-json\/wp\/v2\/posts\/20693\/revisions"}],"predecessor-version":[{"id":20695,"href":"https:\/\/dgospel.com.br\/portal\/index.php\/wp-json\/wp\/v2\/posts\/20693\/revisions\/20695"}],"wp:featuredmedia":[{"embeddable":true,"href":"https:\/\/dgospel.com.br\/portal\/index.php\/wp-json\/wp\/v2\/media\/20694"}],"wp:attachment":[{"href":"https:\/\/dgospel.com.br\/portal\/index.php\/wp-json\/wp\/v2\/media?parent=20693"}],"wp:term":[{"taxonomy":"category","embeddable":true,"href":"https:\/\/dgospel.com.br\/portal\/index.php\/wp-json\/wp\/v2\/categories?post=20693"},{"taxonomy":"post_tag","embeddable":true,"href":"https:\/\/dgospel.com.br\/portal\/index.php\/wp-json\/wp\/v2\/tags?post=20693"}],"curies":[{"name":"wp","href":"https:\/\/api.w.org\/{rel}","templated":true}]}}