{"id":20702,"date":"2024-09-23T16:04:30","date_gmt":"2024-09-23T19:04:30","guid":{"rendered":"https:\/\/dgospel.com.br\/portal\/?p=20702"},"modified":"2024-09-23T16:04:31","modified_gmt":"2024-09-23T19:04:31","slug":"janad-reune-mais-de-12-mil-pessoas-em-grande-caminhada-no-aureny-diz-campanha","status":"publish","type":"post","link":"https:\/\/dgospel.com.br\/portal\/index.php\/2024\/09\/23\/janad-reune-mais-de-12-mil-pessoas-em-grande-caminhada-no-aureny-diz-campanha\/","title":{"rendered":"Janad re\u00fane mais de 12 mil pessoas em grande caminhada no Aureny, diz campanha"},"content":{"rendered":"\n<p>\u201cEu n\u00e3o vou parar, porque acredito que s\u00f3 vai cuidar de verdade quem j\u00e1 viveu, quem j\u00e1 passou pelas dificuldades, e n\u00f3s vamos transformar essas dificuldades em oportunidades. Est\u00e1 chegando a hora, e a hora \u00e9 agora, \u00e9 a vit\u00f3ria do 22. Vamos ganhar porque o povo acredita em mim e confia em mim. Eu preciso dessa oportunidade. \u00c9 22\u201d, afirmou Janad ao fim da caminhada.<\/p>\n\n\n\n<p>Na oportunidade, ela tamb\u00e9m agradeceu ao governador Wanderlei Barbosa que visitou com ela v\u00e1rios pontos em Palmas nesta semana. Janad refor\u00e7ou que n\u00e3o se faz gest\u00e3o sem apoio pol\u00edtico. \u201cEu tenho os melhores apoios pol\u00edticos para buscar recursos para construir o hospital municipal, o viaduto da BR-010, a Avenida Tocantins, duplicar a Avenida Teoth\u00f4nio Segurado e facilitar o acesso ao selo SIM para que os feirantes possam vender os seus produtos\u201d, disse.<\/p>\n\n\n\n<p>O candidato a vice-prefeito Pedro Cardoso (Republicanos) refor\u00e7ou o pedido de voto aos presentes e a senadora Dorinha (Uni\u00e3o Brasil) afirmou que a caminhada \u00e9 a maior da hist\u00f3ria do Tocantins, al\u00e9m disso, se colocou \u00e0 disposi\u00e7\u00e3o da gest\u00e3o de Janad no futuro. \u201cJunto com o governador e a bancada federal, n\u00f3s vamos transformar Palmas. Ser\u00e1 uma Palmas igual para todo mundo, cuidando das crian\u00e7as, dos idosos, mas acima de tudo, gerando emprego e renda. Minha prefeita Janad, conte com o meu mandato e a minha gratid\u00e3o\u201d, disse.<\/p>\n\n\n\n<p>\u201c\u00c9 importante Janad mostrar a for\u00e7a dos nossos vereadores que v\u00e3o te ajudar a transformar essa cidade. Eu acredito no seu projeto, o governador Wanderlei acredita no seu projeto. \u00c9 juntos que n\u00f3s vamos fazer o hospital municipal, a cidade do autom\u00f3vel e outros grandes projetos. Essa mulher vai transformar Palmas e em parceria com o governador vai contribuir muito com o nosso Tocantins. Palmas \u00e9 22\u201d, disse o deputado estadual L\u00e9o Barbosa, presidente metropolitano do Republicanos.<\/p>\n\n\n\n<p>A caminhada tamb\u00e9m foi acompanhada pelos deputados federais Eli Borges (PL), Gaguim (Uni\u00e3o Brasil), Ricardo Ayres (Republicanos), o deputado estadual L\u00e9o Barbosa, o ex-governador Marcelo Miranda (MDB) e a ex-deputada Dulce Miranda (MDB), al\u00e9m de vereadores, candidatos da coliga\u00e7\u00e3o \u201cUni\u00e3o de Verdade\u201d e a popula\u00e7\u00e3o.<\/p>\n","protected":false},"excerpt":{"rendered":"<p>\u201cEu n\u00e3o vou parar, porque acredito que s\u00f3 vai cuidar de verdade quem j\u00e1 viveu, quem j\u00e1 passou pelas dificuldades, e n\u00f3s vamos transformar essas dificuldades em oportunidades. Est\u00e1 chegando a hora, e a hora \u00e9 agora, \u00e9 a vit\u00f3ria do 22. Vamos ganhar porque o povo acredita em mim e confia em mim. Eu [&hellip;]<\/p>\n","protected":false},"author":2,"featured_media":20703,"comment_status":"open","ping_status":"open","sticky":false,"template":"","format":"standard","meta":[],"categories":[4],"tags":[13],"_links":{"self":[{"href":"https:\/\/dgospel.com.br\/portal\/index.php\/wp-json\/wp\/v2\/posts\/20702"}],"collection":[{"href":"https:\/\/dgospel.com.br\/portal\/index.php\/wp-json\/wp\/v2\/posts"}],"about":[{"href":"https:\/\/dgospel.com.br\/portal\/index.php\/wp-json\/wp\/v2\/types\/post"}],"author":[{"embeddable":true,"href":"https:\/\/dgospel.com.br\/portal\/index.php\/wp-json\/wp\/v2\/users\/2"}],"replies":[{"embeddable":true,"href":"https:\/\/dgospel.com.br\/portal\/index.php\/wp-json\/wp\/v2\/comments?post=20702"}],"version-history":[{"count":1,"href":"https:\/\/dgospel.com.br\/portal\/index.php\/wp-json\/wp\/v2\/posts\/20702\/revisions"}],"predecessor-version":[{"id":20704,"href":"https:\/\/dgospel.com.br\/portal\/index.php\/wp-json\/wp\/v2\/posts\/20702\/revisions\/20704"}],"wp:featuredmedia":[{"embeddable":true,"href":"https:\/\/dgospel.com.br\/portal\/index.php\/wp-json\/wp\/v2\/media\/20703"}],"wp:attachment":[{"href":"https:\/\/dgospel.com.br\/portal\/index.php\/wp-json\/wp\/v2\/media?parent=20702"}],"wp:term":[{"taxonomy":"category","embeddable":true,"href":"https:\/\/dgospel.com.br\/portal\/index.php\/wp-json\/wp\/v2\/categories?post=20702"},{"taxonomy":"post_tag","embeddable":true,"href":"https:\/\/dgospel.com.br\/portal\/index.php\/wp-json\/wp\/v2\/tags?post=20702"}],"curies":[{"name":"wp","href":"https:\/\/api.w.org\/{rel}","templated":true}]}}