{"id":20707,"date":"2024-09-26T09:23:00","date_gmt":"2024-09-26T12:23:00","guid":{"rendered":"https:\/\/dgospel.com.br\/portal\/?p=20707"},"modified":"2024-09-26T09:23:01","modified_gmt":"2024-09-26T12:23:01","slug":"pastor-do-gideoes-morre-apos-cair-de-telhado-da-igreja-em-camboriu","status":"publish","type":"post","link":"https:\/\/dgospel.com.br\/portal\/index.php\/2024\/09\/26\/pastor-do-gideoes-morre-apos-cair-de-telhado-da-igreja-em-camboriu\/","title":{"rendered":"Pastor do Gide\u00f5es morre ap\u00f3s cair de telhado da igreja em Cambori\u00fa"},"content":{"rendered":"\n<p>O pastor Hueslen Ricardo Santos, de 50 anos, morreu ap\u00f3s sofrer uma queda de aproximadamente cinco metros de altura. Ele estava no alto de um andaime no pavilh\u00e3o dos Gide\u00f5es Mission\u00e1rios da \u00daltima Hora (GMUH), em Cambori\u00fa (SC), na manh\u00e3 desta quarta-feira (25).<\/p>\n\n\n\n<p>O l\u00edder religioso chegou a ser internado em estado grave no Hospital Municipal Ruth Cardoso, na vizinha Balne\u00e1rio Cambori\u00fa. Durante o transporte para a unidade de sa\u00fade, ele necessitou de oxig\u00eanio.<\/p>\n\n\n\n<p>Em um primeiro atendimento no local do acidente, profissionais do Corpo de Bombeiros constataram traumatismo cranioencef\u00e1lico, al\u00e9m de ferimento na regi\u00e3o da cabe\u00e7a e rebaixamento do n\u00edvel de consci\u00eancia. De acordo com a prefeitura, a morte foi confirmada \u00e0s 15h15.<\/p>\n\n\n\n<figure class=\"wp-block-image\"><img src=\"https:\/\/static.cdn.pleno.news\/2024\/09\/Screenshot_1808.png\" alt=\"\" class=\"wp-image-1392452\"\/><figcaption>Telhado onde o pastor fazia reparos&nbsp;Foto: Divulga\u00e7\u00e3o\/Corpo de Bombeiros<\/figcaption><\/figure>\n\n\n\n<p>Hueslen estava realizando reparos na parte interna do telhado do sal\u00e3o da igreja, onde acontece anualmente o Congresso dos Gide\u00f5es, considerado um dos maiores eventos de mission\u00e1rios do Brasil.<\/p>\n\n\n\n<p>Ele era coordenador do Sistema de Comunica\u00e7\u00e3o dos Gide\u00f5es Mission\u00e1rio da \u00daltima Hora e pastor da Assembleia de Deus. No Instagram, acumulava mais de 90 mil seguidores.<\/p>\n","protected":false},"excerpt":{"rendered":"<p>O pastor Hueslen Ricardo Santos, de 50 anos, morreu ap\u00f3s sofrer uma queda de aproximadamente cinco metros de altura. Ele estava no alto de um andaime no pavilh\u00e3o dos Gide\u00f5es Mission\u00e1rios da \u00daltima Hora (GMUH), em Cambori\u00fa (SC), na manh\u00e3 desta quarta-feira (25). O l\u00edder religioso chegou a ser internado em estado grave no Hospital [&hellip;]<\/p>\n","protected":false},"author":2,"featured_media":20708,"comment_status":"open","ping_status":"open","sticky":false,"template":"","format":"standard","meta":[],"categories":[5],"tags":[],"_links":{"self":[{"href":"https:\/\/dgospel.com.br\/portal\/index.php\/wp-json\/wp\/v2\/posts\/20707"}],"collection":[{"href":"https:\/\/dgospel.com.br\/portal\/index.php\/wp-json\/wp\/v2\/posts"}],"about":[{"href":"https:\/\/dgospel.com.br\/portal\/index.php\/wp-json\/wp\/v2\/types\/post"}],"author":[{"embeddable":true,"href":"https:\/\/dgospel.com.br\/portal\/index.php\/wp-json\/wp\/v2\/users\/2"}],"replies":[{"embeddable":true,"href":"https:\/\/dgospel.com.br\/portal\/index.php\/wp-json\/wp\/v2\/comments?post=20707"}],"version-history":[{"count":1,"href":"https:\/\/dgospel.com.br\/portal\/index.php\/wp-json\/wp\/v2\/posts\/20707\/revisions"}],"predecessor-version":[{"id":20709,"href":"https:\/\/dgospel.com.br\/portal\/index.php\/wp-json\/wp\/v2\/posts\/20707\/revisions\/20709"}],"wp:featuredmedia":[{"embeddable":true,"href":"https:\/\/dgospel.com.br\/portal\/index.php\/wp-json\/wp\/v2\/media\/20708"}],"wp:attachment":[{"href":"https:\/\/dgospel.com.br\/portal\/index.php\/wp-json\/wp\/v2\/media?parent=20707"}],"wp:term":[{"taxonomy":"category","embeddable":true,"href":"https:\/\/dgospel.com.br\/portal\/index.php\/wp-json\/wp\/v2\/categories?post=20707"},{"taxonomy":"post_tag","embeddable":true,"href":"https:\/\/dgospel.com.br\/portal\/index.php\/wp-json\/wp\/v2\/tags?post=20707"}],"curies":[{"name":"wp","href":"https:\/\/api.w.org\/{rel}","templated":true}]}}