{"id":20710,"date":"2024-09-26T12:19:51","date_gmt":"2024-09-26T15:19:51","guid":{"rendered":"https:\/\/dgospel.com.br\/portal\/?p=20710"},"modified":"2024-09-26T13:54:39","modified_gmt":"2024-09-26T16:54:39","slug":"rubens-uchoa-reune-mais-de-duas-mil-pessoas-em-comicio-no-aureny-iv","status":"publish","type":"post","link":"https:\/\/dgospel.com.br\/portal\/index.php\/2024\/09\/26\/rubens-uchoa-reune-mais-de-duas-mil-pessoas-em-comicio-no-aureny-iv\/","title":{"rendered":"Rubens Uchoa re\u00fane mais de duas mil pessoas em com\u00edcio no Aureny IV"},"content":{"rendered":"\n<p>O vereador e candidato \u00e0 reelei\u00e7\u00e3o Rubens Uchoa (UB), realizou um grande com\u00edcio na noite desta quarta-feira (25), no Autreny IV. O evento reuniu mais de duas mil pessoas. Ao lado da deputada e candidata a prefeita Janad Valcari, e do vice, vereador Pedro Cardoso, Rubens Uchoa foi ovacionado pelos seus apoiadores.<\/p>\n\n\n\n<p><\/p>\n\n\n\n<figure class=\"wp-block-image size-large\"><img loading=\"lazy\" width=\"1024\" height=\"683\" src=\"https:\/\/dgospel.com.br\/portal\/wp-content\/uploads\/2024\/09\/00000-1024x683.jpeg\" alt=\"\" class=\"wp-image-20721\" srcset=\"https:\/\/dgospel.com.br\/portal\/wp-content\/uploads\/2024\/09\/00000-1024x683.jpeg 1024w, https:\/\/dgospel.com.br\/portal\/wp-content\/uploads\/2024\/09\/00000-300x200.jpeg 300w, https:\/\/dgospel.com.br\/portal\/wp-content\/uploads\/2024\/09\/00000-768x512.jpeg 768w, https:\/\/dgospel.com.br\/portal\/wp-content\/uploads\/2024\/09\/00000-1536x1024.jpeg 1536w, https:\/\/dgospel.com.br\/portal\/wp-content\/uploads\/2024\/09\/00000-2048x1365.jpeg 2048w\" sizes=\"(max-width: 1024px) 100vw, 1024px\" \/><\/figure>\n\n\n\n<p>&nbsp;O evento ainda contou com a participa\u00e7\u00e3o da senadora Dorinha, do deputado federal Alexandre Guimar\u00e3es, do ex-governador Marcelo Miranda, do deputado estadual Cleiton Cardoso, e de centenas de lideran\u00e7as religiosas, al\u00e9m de l\u00edderes e, representantes de v\u00e1rios setores organizados da sociedade.<\/p>\n\n\n\n<p><\/p>\n\n\n\n<figure class=\"wp-block-image size-large\"><img loading=\"lazy\" width=\"1024\" height=\"965\" src=\"https:\/\/dgospel.com.br\/portal\/wp-content\/uploads\/2024\/09\/00-16-1024x965.jpg\" alt=\"\" class=\"wp-image-20712\" srcset=\"https:\/\/dgospel.com.br\/portal\/wp-content\/uploads\/2024\/09\/00-16-1024x965.jpg 1024w, https:\/\/dgospel.com.br\/portal\/wp-content\/uploads\/2024\/09\/00-16-300x283.jpg 300w, https:\/\/dgospel.com.br\/portal\/wp-content\/uploads\/2024\/09\/00-16-768x724.jpg 768w, https:\/\/dgospel.com.br\/portal\/wp-content\/uploads\/2024\/09\/00-16-1536x1448.jpg 1536w, https:\/\/dgospel.com.br\/portal\/wp-content\/uploads\/2024\/09\/00-16-2048x1931.jpg 2048w\" sizes=\"(max-width: 1024px) 100vw, 1024px\" \/><\/figure>\n\n\n\n<p>Na oportunidade, Uchoa falou de sua dif\u00edcil inf\u00e2ncia, e de sua trajet\u00f3ria at\u00e9 chegar \u00e0 C\u00e2mara Municipal. \u201cTive uma inf\u00e2ncia muito dif\u00edcil, tive que trabalhar desde crian\u00e7a para ajudar meu pai a colocar comida na mesa, vendendo frutas nas ruas de Palmas, trabalhei no pesado, fui cabeleireiro, depois Deus me levantou como cantor gospel. E em 2020 fui eleito a vereador nesta cidade, minha trajet\u00f3ria at\u00e9 chegar aqui foi dif\u00edcil\u201d, lembrou o parlamentar. &nbsp;<\/p>\n\n\n\n<p>Rubens Uchoa falou de v\u00e1rios projetos e requerimentos de sua autoria que foram aprovados e reafirmou seu compromisso de continuar trabalhando para bem-estar da popula\u00e7\u00e3o palmense. \u201cFui o vereador que mais apresentou requerimentos para o bem do nosso povo. Quero continuar servindo ao povo da nossa capital\u201d. &nbsp;<\/p>\n\n\n\n<p>Uchoa falou tamb\u00e9m de sua amizade com a deputada Janad. \u201cA amizade da Janad \u00e9 um presente de Deus. Fizemos uma parceria desde janeiro de 2021, quando a Janad foi eleita presidente da C\u00e2mara Municipal e eu fui eleito vice-presidente. Sei o quanto a Janad \u00e9 trabalhadora, uma mulher guerreira que tamb\u00e9m, como eu n\u00e3o vem de uma fam\u00edlia pol\u00edtica, mas entramos na pol\u00edtica para fazer a diferen\u00e7a\u201d, disse.<\/p>\n\n\n\n<p>Uchoa finalizou seu discurso agradecendo seus apoiadores e reafirmando seu compromisso de continuar sendo a voz do povo no parlamento Municipal. \u201cVou honrar o voto de cada um de voc\u00eas, e retribuir trabalhando ao lado da nossa futura prefeita Janad Valcari\u201d.<\/p>\n\n\n\n<p><\/p>\n\n\n\n<p><\/p>\n\n\n\n<figure class=\"wp-block-image size-large\"><img loading=\"lazy\" width=\"1024\" height=\"682\" src=\"http:\/\/dgospel.com.br\/portal\/wp-content\/uploads\/2024\/09\/000-1024x682.jpeg\" alt=\"\" class=\"wp-image-20727\" srcset=\"https:\/\/dgospel.com.br\/portal\/wp-content\/uploads\/2024\/09\/000-1024x682.jpeg 1024w, https:\/\/dgospel.com.br\/portal\/wp-content\/uploads\/2024\/09\/000-300x200.jpeg 300w, https:\/\/dgospel.com.br\/portal\/wp-content\/uploads\/2024\/09\/000-768x512.jpeg 768w, https:\/\/dgospel.com.br\/portal\/wp-content\/uploads\/2024\/09\/000-1536x1024.jpeg 1536w, https:\/\/dgospel.com.br\/portal\/wp-content\/uploads\/2024\/09\/000-2048x1365.jpeg 2048w\" sizes=\"(max-width: 1024px) 100vw, 1024px\" \/><\/figure>\n\n\n\n<p><\/p>\n\n\n\n<p><\/p>\n\n\n\n<figure class=\"wp-container-2 wp-block-gallery-1 wp-block-gallery has-nested-images columns-default is-cropped\">\n<figure class=\"wp-block-image size-large\"><img loading=\"lazy\" width=\"1024\" height=\"683\" data-id=\"20737\"  src=\"https:\/\/dgospel.com.br\/portal\/wp-content\/uploads\/2024\/09\/0000000-2-1024x683.jpeg\" alt=\"\" class=\"wp-image-20737\" srcset=\"https:\/\/dgospel.com.br\/portal\/wp-content\/uploads\/2024\/09\/0000000-2-1024x683.jpeg 1024w, https:\/\/dgospel.com.br\/portal\/wp-content\/uploads\/2024\/09\/0000000-2-300x200.jpeg 300w, https:\/\/dgospel.com.br\/portal\/wp-content\/uploads\/2024\/09\/0000000-2-768x512.jpeg 768w, https:\/\/dgospel.com.br\/portal\/wp-content\/uploads\/2024\/09\/0000000-2-1536x1024.jpeg 1536w, https:\/\/dgospel.com.br\/portal\/wp-content\/uploads\/2024\/09\/0000000-2-2048x1365.jpeg 2048w\" sizes=\"(max-width: 1024px) 100vw, 1024px\" \/><\/figure>\n<\/figure>\n\n\n\n<p><\/p>\n\n\n\n<figure class=\"wp-block-image size-large\"><img loading=\"lazy\" width=\"1024\" height=\"683\" src=\"https:\/\/dgospel.com.br\/portal\/wp-content\/uploads\/2024\/09\/0000-3-1024x683.jpeg\" alt=\"\" class=\"wp-image-20742\" srcset=\"https:\/\/dgospel.com.br\/portal\/wp-content\/uploads\/2024\/09\/0000-3-1024x683.jpeg 1024w, https:\/\/dgospel.com.br\/portal\/wp-content\/uploads\/2024\/09\/0000-3-300x200.jpeg 300w, https:\/\/dgospel.com.br\/portal\/wp-content\/uploads\/2024\/09\/0000-3-768x512.jpeg 768w, https:\/\/dgospel.com.br\/portal\/wp-content\/uploads\/2024\/09\/0000-3-1536x1024.jpeg 1536w, https:\/\/dgospel.com.br\/portal\/wp-content\/uploads\/2024\/09\/0000-3-2048x1365.jpeg 2048w\" sizes=\"(max-width: 1024px) 100vw, 1024px\" \/><\/figure>\n\n\n\n<p><\/p>\n\n\n\n<figure class=\"wp-block-image size-large\"><img loading=\"lazy\" width=\"1024\" height=\"675\" src=\"https:\/\/dgospel.com.br\/portal\/wp-content\/uploads\/2024\/09\/00-2-1024x675.jpeg\" alt=\"\" class=\"wp-image-20743\" srcset=\"https:\/\/dgospel.com.br\/portal\/wp-content\/uploads\/2024\/09\/00-2-1024x675.jpeg 1024w, https:\/\/dgospel.com.br\/portal\/wp-content\/uploads\/2024\/09\/00-2-300x198.jpeg 300w, https:\/\/dgospel.com.br\/portal\/wp-content\/uploads\/2024\/09\/00-2-768x506.jpeg 768w, https:\/\/dgospel.com.br\/portal\/wp-content\/uploads\/2024\/09\/00-2-1536x1013.jpeg 1536w, https:\/\/dgospel.com.br\/portal\/wp-content\/uploads\/2024\/09\/00-2-2048x1351.jpeg 2048w, https:\/\/dgospel.com.br\/portal\/wp-content\/uploads\/2024\/09\/00-2-120x78.jpeg 120w\" sizes=\"(max-width: 1024px) 100vw, 1024px\" \/><\/figure>\n\n\n\n<p><\/p>\n","protected":false},"excerpt":{"rendered":"<p>O vereador e candidato \u00e0 reelei\u00e7\u00e3o Rubens Uchoa (UB), realizou um grande com\u00edcio na noite desta quarta-feira (25), no Autreny IV. O evento reuniu mais de duas mil pessoas. Ao lado da deputada e candidata a prefeita Janad Valcari, e do vice, vereador Pedro Cardoso, Rubens Uchoa foi ovacionado pelos seus apoiadores. &nbsp;O evento ainda [&hellip;]<\/p>\n","protected":false},"author":2,"featured_media":20720,"comment_status":"open","ping_status":"open","sticky":false,"template":"","format":"standard","meta":[],"categories":[4],"tags":[13],"_links":{"self":[{"href":"https:\/\/dgospel.com.br\/portal\/index.php\/wp-json\/wp\/v2\/posts\/20710"}],"collection":[{"href":"https:\/\/dgospel.com.br\/portal\/index.php\/wp-json\/wp\/v2\/posts"}],"about":[{"href":"https:\/\/dgospel.com.br\/portal\/index.php\/wp-json\/wp\/v2\/types\/post"}],"author":[{"embeddable":true,"href":"https:\/\/dgospel.com.br\/portal\/index.php\/wp-json\/wp\/v2\/users\/2"}],"replies":[{"embeddable":true,"href":"https:\/\/dgospel.com.br\/portal\/index.php\/wp-json\/wp\/v2\/comments?post=20710"}],"version-history":[{"count":4,"href":"https:\/\/dgospel.com.br\/portal\/index.php\/wp-json\/wp\/v2\/posts\/20710\/revisions"}],"predecessor-version":[{"id":20744,"href":"https:\/\/dgospel.com.br\/portal\/index.php\/wp-json\/wp\/v2\/posts\/20710\/revisions\/20744"}],"wp:featuredmedia":[{"embeddable":true,"href":"https:\/\/dgospel.com.br\/portal\/index.php\/wp-json\/wp\/v2\/media\/20720"}],"wp:attachment":[{"href":"https:\/\/dgospel.com.br\/portal\/index.php\/wp-json\/wp\/v2\/media?parent=20710"}],"wp:term":[{"taxonomy":"category","embeddable":true,"href":"https:\/\/dgospel.com.br\/portal\/index.php\/wp-json\/wp\/v2\/categories?post=20710"},{"taxonomy":"post_tag","embeddable":true,"href":"https:\/\/dgospel.com.br\/portal\/index.php\/wp-json\/wp\/v2\/tags?post=20710"}],"curies":[{"name":"wp","href":"https:\/\/api.w.org\/{rel}","templated":true}]}}