{"id":2074,"date":"2018-12-15T09:56:20","date_gmt":"2018-12-15T11:56:20","guid":{"rendered":"http:\/\/dgospel.com.br\/portal\/?p=2074"},"modified":"2018-12-15T09:56:20","modified_gmt":"2018-12-15T11:56:20","slug":"governador-carlesse-afirma-que-tocantins-sera-estrategico-na-seguranca-aerea-do-brasil","status":"publish","type":"post","link":"https:\/\/dgospel.com.br\/portal\/index.php\/2018\/12\/15\/governador-carlesse-afirma-que-tocantins-sera-estrategico-na-seguranca-aerea-do-brasil\/","title":{"rendered":"Governador Carlesse afirma que Tocantins ser\u00e1 estrat\u00e9gico na seguran\u00e7a a\u00e9rea do Brasil"},"content":{"rendered":"<p>O governador Mauro Carlesse deu um importante passo, nesta sexta-feira, 14, para a instala\u00e7\u00e3o de uma base \u00e1rea no Tocantins. Ele assinou um Protocolo de Compromisso, em que o Governo do Estado assume o interesse em doar uma \u00e1rea para a implanta\u00e7\u00e3o da Organiza\u00e7\u00e3o Militar da For\u00e7a \u00c1rea. Para ele, \u00e9 um dia importante, porque torna o Estado um ponto estrat\u00e9gico para a seguran\u00e7a a\u00e9rea do Brasil.<\/p>\n<p>\u201cIsso muda o olhar para o Tocantins, porque estaremos representando o Brasil ao estarmos protegendo a seguran\u00e7a a\u00e9rea do Pa\u00eds. E \u00e9 o que queremos. Um Estado novo, crescendo com tecnologia e seguran\u00e7a. Fico muito feliz de estar dando in\u00edcio a uma nova era. O que depender de n\u00f3s, o Estado far\u00e1 sua parte\u201d, destacou Mauro Carlesse, durante solenidade de assinatura do documento no Pal\u00e1cio Araguaia.<\/p>\n<p>Na ocasi\u00e3o, Mauro Carlesse citou outros benef\u00edcios que a instala\u00e7\u00e3o da base pode propiciar. \u201cUma base militar traz n\u00e3o s\u00f3 interesse em muitos investimentos, j\u00e1 que tem um custo alto para se montar, mas tamb\u00e9m abre uma grande oportunidade dos nossos jovens ingressarem na for\u00e7a a\u00e9rea. Ou seja, desenvolvimento para o Tocantins\u201d, destacou.<\/p>\n<p>Tamb\u00e9m assinando o Protocolo, o tenente-brigadeiro do ar Nivaldo Luiz Rossato, que representa o Comando da Aeron\u00e1utica, refor\u00e7ou a import\u00e2ncia da vinda ao Tocantins. \u201cO fato de estar no centro geod\u00e9sico do Pa\u00eds automaticamente torna o Tocantins um ponto importante. \u00c9 ideal, porque faz desdobramentos para qualquer regi\u00e3o do Brasil. \u00c9 uma localiza\u00e7\u00e3o muito boa\u201d, pontuou.<\/p>\n<p>Segundo Rossato, hoje \u00e9 o in\u00edcio de um projeto a longo prazo, j\u00e1 que a instala\u00e7\u00e3o da base requer tempo. \u201cCome\u00e7a a elabora\u00e7\u00e3o de um projeto, depois tem a pista, p\u00e1tios, hangares, resid\u00eancias, hospital, entre outros. \u00c9 um projeto longo\u201d, refor\u00e7ou.<\/p>\n<p>Para L\u00facio Alfenas, superintendente da Secretaria do Patrim\u00f4nio da Uni\u00e3o (SPU), que \u00e9 a Institui\u00e7\u00e3o respons\u00e1vel por intermediar e oficializar a doa\u00e7\u00e3o da \u00e1rea, \u00e9 ineg\u00e1vel a relev\u00e2ncia da parceria. \u201c\u00c9 um ganho para o Estado. Demonstra o interesse do Governo em ajudar no desenvolvimento do Estado ao trazer a For\u00e7a A\u00e9rea Brasileira efetivamente para o Tocantins\u201d, afirmou.<\/p>\n<p>Ainda sem base no Tocantins, o Comando da Aeron\u00e1utica dever\u00e1 se instalar numa \u00e1rea na regi\u00e3o metropolitana de Palmas, no munic\u00edpio de Porto Nacional, margeando o Lago da Usina Hidrel\u00e9trica Luis Eduardo Magalh\u00e3es.<\/p>\n<p>O protocolo de compromisso ter\u00e1 a vig\u00eancia de dois anos a partir de sua assinatura, podendo ser prorrogado por meio de um Termo Aditivo, desde que haja concord\u00e2ncia das partes.<\/p>\n","protected":false},"excerpt":{"rendered":"<p>O governador Mauro Carlesse deu um importante passo, nesta sexta-feira, 14, para a instala\u00e7\u00e3o de uma base \u00e1rea no Tocantins. Ele assinou um Protocolo de Compromisso, em que o Governo do Estado assume o interesse em doar uma \u00e1rea para a implanta\u00e7\u00e3o da Organiza\u00e7\u00e3o Militar da For\u00e7a \u00c1rea. Para ele, \u00e9 um dia importante, porque [&hellip;]<\/p>\n","protected":false},"author":2,"featured_media":2075,"comment_status":"open","ping_status":"open","sticky":false,"template":"","format":"standard","meta":[],"categories":[2,3],"tags":[],"_links":{"self":[{"href":"https:\/\/dgospel.com.br\/portal\/index.php\/wp-json\/wp\/v2\/posts\/2074"}],"collection":[{"href":"https:\/\/dgospel.com.br\/portal\/index.php\/wp-json\/wp\/v2\/posts"}],"about":[{"href":"https:\/\/dgospel.com.br\/portal\/index.php\/wp-json\/wp\/v2\/types\/post"}],"author":[{"embeddable":true,"href":"https:\/\/dgospel.com.br\/portal\/index.php\/wp-json\/wp\/v2\/users\/2"}],"replies":[{"embeddable":true,"href":"https:\/\/dgospel.com.br\/portal\/index.php\/wp-json\/wp\/v2\/comments?post=2074"}],"version-history":[{"count":1,"href":"https:\/\/dgospel.com.br\/portal\/index.php\/wp-json\/wp\/v2\/posts\/2074\/revisions"}],"predecessor-version":[{"id":2076,"href":"https:\/\/dgospel.com.br\/portal\/index.php\/wp-json\/wp\/v2\/posts\/2074\/revisions\/2076"}],"wp:featuredmedia":[{"embeddable":true,"href":"https:\/\/dgospel.com.br\/portal\/index.php\/wp-json\/wp\/v2\/media\/2075"}],"wp:attachment":[{"href":"https:\/\/dgospel.com.br\/portal\/index.php\/wp-json\/wp\/v2\/media?parent=2074"}],"wp:term":[{"taxonomy":"category","embeddable":true,"href":"https:\/\/dgospel.com.br\/portal\/index.php\/wp-json\/wp\/v2\/categories?post=2074"},{"taxonomy":"post_tag","embeddable":true,"href":"https:\/\/dgospel.com.br\/portal\/index.php\/wp-json\/wp\/v2\/tags?post=2074"}],"curies":[{"name":"wp","href":"https:\/\/api.w.org\/{rel}","templated":true}]}}