{"id":20748,"date":"2024-09-26T16:30:24","date_gmt":"2024-09-26T19:30:24","guid":{"rendered":"https:\/\/dgospel.com.br\/portal\/?p=20748"},"modified":"2024-09-26T16:44:42","modified_gmt":"2024-09-26T19:44:42","slug":"participacao-de-lula-na-onu-e-ofuscada-por-milei-que-dispara-na-imprensa-internacional","status":"publish","type":"post","link":"https:\/\/dgospel.com.br\/portal\/index.php\/2024\/09\/26\/participacao-de-lula-na-onu-e-ofuscada-por-milei-que-dispara-na-imprensa-internacional\/","title":{"rendered":"Participa\u00e7\u00e3o de Lula na ONU \u00e9 ofuscada por Milei que dispara na imprensa internacional"},"content":{"rendered":"\n<p>A Assembleia Geral da ONU, um dos eventos mais proeminentes que re\u00fane lideran\u00e7as globais, teve in\u00edcio nesta ter\u00e7a-feira (24). Como de costume, o presidente do Brasil,&nbsp; &nbsp;Luiz In\u00e1cio Lula da Silva , fez o tradicional discurso de abertura ap\u00f3s o secret\u00e1rio-geral das Na\u00e7\u00f5es Unidas.<\/p>\n\n\n\n<p>No entanto, a participa\u00e7\u00e3o de Lula teve pouca repercuss\u00e3o na imprensa internacional. Os principais jornais americanos, como o New York Times e o Wall Street Journal, n\u00e3o mencionaram o discurso do petista.<\/p>\n\n\n\n<p>O New York Times, por exemplo, fez a cobertura do evento em tempo real, mas, logo ap\u00f3s a fala de Ant\u00f3nio Guterres, secret\u00e1rio-geral da ONU, citou imediatamente o discurso do presidente dos EUA, Joe Biden. J\u00e1 o Washington Post, embora tenha mencionado Lula, usou um tom cr\u00edtico para apontar as falhas do governo brasileiro em rela\u00e7\u00e3o \u00e0s queimadas que assolam o pa\u00eds.<\/p>\n\n\n\n<p>No discurso, Lula saudou a delega\u00e7\u00e3o palestina, que participou pela primeira vez da Assembleia Geral da ONU, e fez duras cr\u00edticas a Israel. A participa\u00e7\u00e3o do presidente brasileiro n\u00e3o foi aplaudida por Israel, fato que tamb\u00e9m contribuiu para a pouca repercuss\u00e3o do seu discurso.<\/p>\n\n\n\n<p>A participa\u00e7\u00e3o de Lula foi, portanto, ofuscada tanto pela falta de destaque na m\u00eddia internacional quanto pelas controv\u00e9rsias em torno das cr\u00edticas que ele fez em seu discurso.<\/p>\n\n\n\n<p>Em contraponto, uma das lideran\u00e7as globais que mais chamaram aten\u00e7\u00e3o foi Javier Milei, presidente da Argentina. Em sua primeira participa\u00e7\u00e3o na Assembleia Geral da ONU, Milei fez duras cr\u00edticas \u00e0s Na\u00e7\u00f5es Unidas, acusando-a de ter se transformado em um \u201cLeviat\u00e3\u201d e de seguir um \u201crumo tr\u00e1gico\u201d ao adotar a Agenda 2030 para \u201cimpor uma agenda ideol\u00f3gica\u201d aos seus pa\u00edses-membros.<\/p>\n\n\n\n<p>Milei tamb\u00e9m afirmou que a ONU \u201cn\u00e3o \u00e9 mais capaz de resolver os grandes problemas do mundo\u201d. Antes mesmo do discurso, a participa\u00e7\u00e3o in\u00e9dita do presidente argentino j\u00e1 havia ganho destaque na capa do Wall Street Journal, um dos principais jornais de neg\u00f3cios dos EUA. O Financial Times brit\u00e2nico e o Clar\u00edn argentino tamb\u00e9m dedicaram reportagens \u00e0s declara\u00e7\u00f5es do libert\u00e1rio.<\/p>\n","protected":false},"excerpt":{"rendered":"<p>A Assembleia Geral da ONU, um dos eventos mais proeminentes que re\u00fane lideran\u00e7as globais, teve in\u00edcio nesta ter\u00e7a-feira (24). Como de costume, o presidente do Brasil,&nbsp; &nbsp;Luiz In\u00e1cio Lula da Silva , fez o tradicional discurso de abertura ap\u00f3s o secret\u00e1rio-geral das Na\u00e7\u00f5es Unidas. No entanto, a participa\u00e7\u00e3o de Lula teve pouca repercuss\u00e3o na imprensa [&hellip;]<\/p>\n","protected":false},"author":2,"featured_media":20749,"comment_status":"open","ping_status":"open","sticky":false,"template":"","format":"standard","meta":[],"categories":[12,16],"tags":[],"_links":{"self":[{"href":"https:\/\/dgospel.com.br\/portal\/index.php\/wp-json\/wp\/v2\/posts\/20748"}],"collection":[{"href":"https:\/\/dgospel.com.br\/portal\/index.php\/wp-json\/wp\/v2\/posts"}],"about":[{"href":"https:\/\/dgospel.com.br\/portal\/index.php\/wp-json\/wp\/v2\/types\/post"}],"author":[{"embeddable":true,"href":"https:\/\/dgospel.com.br\/portal\/index.php\/wp-json\/wp\/v2\/users\/2"}],"replies":[{"embeddable":true,"href":"https:\/\/dgospel.com.br\/portal\/index.php\/wp-json\/wp\/v2\/comments?post=20748"}],"version-history":[{"count":2,"href":"https:\/\/dgospel.com.br\/portal\/index.php\/wp-json\/wp\/v2\/posts\/20748\/revisions"}],"predecessor-version":[{"id":20751,"href":"https:\/\/dgospel.com.br\/portal\/index.php\/wp-json\/wp\/v2\/posts\/20748\/revisions\/20751"}],"wp:featuredmedia":[{"embeddable":true,"href":"https:\/\/dgospel.com.br\/portal\/index.php\/wp-json\/wp\/v2\/media\/20749"}],"wp:attachment":[{"href":"https:\/\/dgospel.com.br\/portal\/index.php\/wp-json\/wp\/v2\/media?parent=20748"}],"wp:term":[{"taxonomy":"category","embeddable":true,"href":"https:\/\/dgospel.com.br\/portal\/index.php\/wp-json\/wp\/v2\/categories?post=20748"},{"taxonomy":"post_tag","embeddable":true,"href":"https:\/\/dgospel.com.br\/portal\/index.php\/wp-json\/wp\/v2\/tags?post=20748"}],"curies":[{"name":"wp","href":"https:\/\/api.w.org\/{rel}","templated":true}]}}