{"id":20752,"date":"2024-09-26T16:50:26","date_gmt":"2024-09-26T19:50:26","guid":{"rendered":"https:\/\/dgospel.com.br\/portal\/?p=20752"},"modified":"2024-09-26T16:50:27","modified_gmt":"2024-09-26T19:50:27","slug":"lula-reforca-isolamento-internacional-do-brasil-ao-defender-ditaduras","status":"publish","type":"post","link":"https:\/\/dgospel.com.br\/portal\/index.php\/2024\/09\/26\/lula-reforca-isolamento-internacional-do-brasil-ao-defender-ditaduras\/","title":{"rendered":"Lula refor\u00e7a isolamento internacional do Brasil ao defender ditaduras"},"content":{"rendered":"\n<p>O presidente Luiz In\u00e1cio Lula da Silva desperdi\u00e7ou uma oportunidade crucial de reposicionar o Brasil no cen\u00e1rio internacional ao discursar na 79\u00aa Assembleia Geral da ONU, em Nova York. Em vez de aproveitar a ocasi\u00e3o para desfazer a imagem de \u201can\u00e3o diplom\u00e1tico\u201d, um r\u00f3tulo atribu\u00eddo ao pa\u00eds em 2014, Lula reiterou uma vis\u00e3o considerada limitada e equivocada sobre os conflitos globais, ao ignorar as atrocidades cometidas por regimes autorit\u00e1rios, como o de seu aliado, Nicol\u00e1s Maduro, na Venezuela. Al\u00e9m disso, Lula n\u00e3o condenou os ataques terroristas do Hamas em 7 de outubro, o que fortaleceu as cr\u00edticas de que seu governo evita confrontar ditadores e grupos extremistas.<\/p>\n\n\n\n<p>A aus\u00eancia de uma postura firme em rela\u00e7\u00e3o \u00e0 fraude eleitoral na Venezuela e \u00e0 viol\u00eancia do Hamas \u00e9 vista como um alinhamento desconfort\u00e1vel com regimes autorit\u00e1rios. A insist\u00eancia em minimizar os problemas enfrentados pela democracia em pa\u00edses como Venezuela e a omiss\u00e3o em condenar atos terroristas t\u00eam corro\u00eddo a reputa\u00e7\u00e3o do Brasil no cen\u00e1rio internacional. Em vez de se posicionar como um l\u00edder democr\u00e1tico, Lula refor\u00e7a a imagem de um presidente que \u201cpassa pano\u201d para ditadores e extremistas, aprofundando o isolamento do Brasil em discuss\u00f5es s\u00e9rias sobre direitos humanos e governan\u00e7a global.<\/p>\n\n\n\n<p>A viagem de Lula a Nova York tamb\u00e9m gerou um esc\u00e2ndalo dom\u00e9stico pelo tamanho desproporcional de sua comitiva: mais de 100 pessoas, incluindo ministros e assessores de \u00e1reas consideradas irrelevantes para a miss\u00e3o diplom\u00e1tica, o que resultou em um custo inicial de R$ 750 mil. A presen\u00e7a de figuras como a ministra da Gest\u00e3o e Inova\u00e7\u00e3o, Esther Dweck, cuja passagem a\u00e9rea custou R$ 46 mil, e do Advogado-Geral da Uni\u00e3o foi amplamente criticada como um desperd\u00edcio de dinheiro p\u00fablico. Especialistas e cr\u00edticos apontaram que a maioria desses acompanhantes n\u00e3o tinha fun\u00e7\u00e3o relevante na Assembleia da ONU, o que foi visto como um \u201ctrem da alegria\u201d pago pelo contribuinte.<\/p>\n\n\n\n<p>Al\u00e9m do excesso de membros na comitiva, Lula tem sido criticado por sua ret\u00f3rica desconexa e pouco pragm\u00e1tica. Durante seus 21 meses de governo, ele tentou se posicionar como um l\u00edder global do Sul Global e da luta contra as mudan\u00e7as clim\u00e1ticas, mas, na pr\u00e1tica, sua administra\u00e7\u00e3o enfrenta os piores \u00edndices de inc\u00eandios florestais em duas d\u00e9cadas e carece de solu\u00e7\u00f5es claras para os problemas ambientais do Brasil. Suas cr\u00edticas ao capitalismo e aos pa\u00edses ricos soaram como uma repeti\u00e7\u00e3o vazia, sem propostas concretas, o que resultou em uma recep\u00e7\u00e3o morna ao seu discurso, com muitos ignorando suas palavras.<\/p>\n\n\n\n<p>Lula tamb\u00e9m mostrou, mais uma vez, sua avers\u00e3o aos regimes democr\u00e1ticos ocidentais ao evitar reconhecer o que o mundo j\u00e1 sabe sobre a Venezuela: que se trata de uma ditadura. O presidente tem defendido ditadores como Maduro e evitado cr\u00edticas a regimes autorit\u00e1rios, como o do Ir\u00e3, o que refor\u00e7a a percep\u00e7\u00e3o de que sua pol\u00edtica externa est\u00e1 mais alinhada com l\u00edderes anti-democr\u00e1ticos do que com valores universais de direitos humanos.<\/p>\n\n\n\n<p>Em resumo, a atua\u00e7\u00e3o de Lula em Nova York foi mais uma demonstra\u00e7\u00e3o de sua incapacidade de reposicionar o Brasil como um ator relevante no cen\u00e1rio global. Ao inv\u00e9s de condenar a fraude e a repress\u00e3o, ele optou por manter la\u00e7os com ditadores e extremistas, enquanto promove um discurso desconexo sobre mudan\u00e7as clim\u00e1ticas e desigualdade. Para muitos, Lula se afasta cada vez mais de qualquer lideran\u00e7a internacional respeit\u00e1vel, consolidando o Brasil como um \u201can\u00e3o diplom\u00e1tico\u201d sob sua gest\u00e3o.<\/p>\n","protected":false},"excerpt":{"rendered":"<p>O presidente Luiz In\u00e1cio Lula da Silva desperdi\u00e7ou uma oportunidade crucial de reposicionar o Brasil no cen\u00e1rio internacional ao discursar na 79\u00aa Assembleia Geral da ONU, em Nova York. Em vez de aproveitar a ocasi\u00e3o para desfazer a imagem de \u201can\u00e3o diplom\u00e1tico\u201d, um r\u00f3tulo atribu\u00eddo ao pa\u00eds em 2014, Lula reiterou uma vis\u00e3o considerada limitada [&hellip;]<\/p>\n","protected":false},"author":2,"featured_media":20753,"comment_status":"open","ping_status":"open","sticky":false,"template":"","format":"standard","meta":[],"categories":[10],"tags":[13],"_links":{"self":[{"href":"https:\/\/dgospel.com.br\/portal\/index.php\/wp-json\/wp\/v2\/posts\/20752"}],"collection":[{"href":"https:\/\/dgospel.com.br\/portal\/index.php\/wp-json\/wp\/v2\/posts"}],"about":[{"href":"https:\/\/dgospel.com.br\/portal\/index.php\/wp-json\/wp\/v2\/types\/post"}],"author":[{"embeddable":true,"href":"https:\/\/dgospel.com.br\/portal\/index.php\/wp-json\/wp\/v2\/users\/2"}],"replies":[{"embeddable":true,"href":"https:\/\/dgospel.com.br\/portal\/index.php\/wp-json\/wp\/v2\/comments?post=20752"}],"version-history":[{"count":1,"href":"https:\/\/dgospel.com.br\/portal\/index.php\/wp-json\/wp\/v2\/posts\/20752\/revisions"}],"predecessor-version":[{"id":20754,"href":"https:\/\/dgospel.com.br\/portal\/index.php\/wp-json\/wp\/v2\/posts\/20752\/revisions\/20754"}],"wp:featuredmedia":[{"embeddable":true,"href":"https:\/\/dgospel.com.br\/portal\/index.php\/wp-json\/wp\/v2\/media\/20753"}],"wp:attachment":[{"href":"https:\/\/dgospel.com.br\/portal\/index.php\/wp-json\/wp\/v2\/media?parent=20752"}],"wp:term":[{"taxonomy":"category","embeddable":true,"href":"https:\/\/dgospel.com.br\/portal\/index.php\/wp-json\/wp\/v2\/categories?post=20752"},{"taxonomy":"post_tag","embeddable":true,"href":"https:\/\/dgospel.com.br\/portal\/index.php\/wp-json\/wp\/v2\/tags?post=20752"}],"curies":[{"name":"wp","href":"https:\/\/api.w.org\/{rel}","templated":true}]}}