{"id":20755,"date":"2024-09-26T17:07:53","date_gmt":"2024-09-26T20:07:53","guid":{"rendered":"https:\/\/dgospel.com.br\/portal\/?p=20755"},"modified":"2024-09-26T17:07:55","modified_gmt":"2024-09-26T20:07:55","slug":"pt-apresenta-serie-de-videos-para-atrair-publico-evangelico","status":"publish","type":"post","link":"https:\/\/dgospel.com.br\/portal\/index.php\/2024\/09\/26\/pt-apresenta-serie-de-videos-para-atrair-publico-evangelico\/","title":{"rendered":"PT apresenta s\u00e9rie de v\u00eddeos para atrair p\u00fablico evang\u00e9lico"},"content":{"rendered":"\n<p>A Funda\u00e7\u00e3o Perseu Abramo divulgou uma s\u00e9rie de v\u00eddeos que fazem a conex\u00e3o entre os valores evang\u00e9licos e as bandeiras do Partido dos Trabalhadores (PT). A iniciativa busca refor\u00e7ar o relacionamento do partido com o segmento evang\u00e9lico, que tem se mostrado distante nos \u00faltimos anos.<\/p>\n\n\n\n<p>Os v\u00eddeos apresentam depoimentos de oito membros e apoiadores do PT que tamb\u00e9m s\u00e3o crist\u00e3os evang\u00e9licos. Entre os entrevistados est\u00e3o o ministro da Advocacia-Geral da Uni\u00e3o, Jorge Messias, e a deputada federal Benedita da Silva, do Rio de Janeiro.<\/p>\n\n\n\n<p>A lista de entrevistados inclui ainda o pastor Oliver Goiano, da Igreja Batista da Lagoa, em Maric\u00e1 (RJ), e membro do N\u00facleo Evang\u00e9lico do PT. Tamb\u00e9m participam o secret\u00e1rio de Educa\u00e7\u00e3o Superior do Minist\u00e9rio da Educa\u00e7\u00e3o, Alexandre Brasil; o soci\u00f3logo e ex-prefeito de Carapicu\u00edba (SP), Sergio Ribeiro; a jornalista batista Nilza Valeria; a assessora parlamentar Bernadete Adriana Alves de Lima, integrante da executiva do Setorial Nacional Inter-religioso do PT; e o pastor batista Sergio Dusilek.<\/p>\n\n\n\n<p>Nos v\u00eddeos, os entrevistados leem trechos da B\u00edblia e discutem as semelhan\u00e7as entre a f\u00e9 e as pautas do partido. Eles tamb\u00e9m abordam os motivos da rejei\u00e7\u00e3o do p\u00fablico religioso ao PT. Jorge Messias mencionou a circula\u00e7\u00e3o de fake news e a Lei de Liberdade Religiosa, sancionada por Lula, al\u00e9m de desmentir boatos sobre o fechamento de igrejas.<\/p>\n\n\n\n<p>A s\u00e9rie de v\u00eddeos faz parte de uma estrat\u00e9gia voltada para o per\u00edodo eleitoral. A a\u00e7\u00e3o se alinha ao manual&nbsp;<a href=\"https:\/\/pleno.news\/brasil\/politica-nacional\/pt-publica-manual-de-dialogo-para-seduzir-eleitor-evangelico.html\" target=\"_blank\" rel=\"noreferrer noopener\"><em>Cartilha Evang\u00e9lica \u2013 Di\u00e1logo nas Elei\u00e7\u00f5es<\/em><\/a>, que foi criado para orientar a comunica\u00e7\u00e3o de candidatos do PT com evang\u00e9licos durante as elei\u00e7\u00f5es municipais deste ano. As informa\u00e7\u00f5es s\u00e3o da Folha de S.Paulo.<\/p>\n","protected":false},"excerpt":{"rendered":"<p>A Funda\u00e7\u00e3o Perseu Abramo divulgou uma s\u00e9rie de v\u00eddeos que fazem a conex\u00e3o entre os valores evang\u00e9licos e as bandeiras do Partido dos Trabalhadores (PT). A iniciativa busca refor\u00e7ar o relacionamento do partido com o segmento evang\u00e9lico, que tem se mostrado distante nos \u00faltimos anos. Os v\u00eddeos apresentam depoimentos de oito membros e apoiadores do [&hellip;]<\/p>\n","protected":false},"author":2,"featured_media":20756,"comment_status":"open","ping_status":"open","sticky":false,"template":"","format":"standard","meta":[],"categories":[4],"tags":[13],"_links":{"self":[{"href":"https:\/\/dgospel.com.br\/portal\/index.php\/wp-json\/wp\/v2\/posts\/20755"}],"collection":[{"href":"https:\/\/dgospel.com.br\/portal\/index.php\/wp-json\/wp\/v2\/posts"}],"about":[{"href":"https:\/\/dgospel.com.br\/portal\/index.php\/wp-json\/wp\/v2\/types\/post"}],"author":[{"embeddable":true,"href":"https:\/\/dgospel.com.br\/portal\/index.php\/wp-json\/wp\/v2\/users\/2"}],"replies":[{"embeddable":true,"href":"https:\/\/dgospel.com.br\/portal\/index.php\/wp-json\/wp\/v2\/comments?post=20755"}],"version-history":[{"count":1,"href":"https:\/\/dgospel.com.br\/portal\/index.php\/wp-json\/wp\/v2\/posts\/20755\/revisions"}],"predecessor-version":[{"id":20757,"href":"https:\/\/dgospel.com.br\/portal\/index.php\/wp-json\/wp\/v2\/posts\/20755\/revisions\/20757"}],"wp:featuredmedia":[{"embeddable":true,"href":"https:\/\/dgospel.com.br\/portal\/index.php\/wp-json\/wp\/v2\/media\/20756"}],"wp:attachment":[{"href":"https:\/\/dgospel.com.br\/portal\/index.php\/wp-json\/wp\/v2\/media?parent=20755"}],"wp:term":[{"taxonomy":"category","embeddable":true,"href":"https:\/\/dgospel.com.br\/portal\/index.php\/wp-json\/wp\/v2\/categories?post=20755"},{"taxonomy":"post_tag","embeddable":true,"href":"https:\/\/dgospel.com.br\/portal\/index.php\/wp-json\/wp\/v2\/tags?post=20755"}],"curies":[{"name":"wp","href":"https:\/\/api.w.org\/{rel}","templated":true}]}}