{"id":20776,"date":"2024-10-03T09:46:50","date_gmt":"2024-10-03T12:46:50","guid":{"rendered":"https:\/\/dgospel.com.br\/portal\/?p=20776"},"modified":"2024-10-03T09:46:51","modified_gmt":"2024-10-03T12:46:51","slug":"apenas-8-dos-evangelicos-se-declaram-de-esquerda-diz-estudo","status":"publish","type":"post","link":"https:\/\/dgospel.com.br\/portal\/index.php\/2024\/10\/03\/apenas-8-dos-evangelicos-se-declaram-de-esquerda-diz-estudo\/","title":{"rendered":"Apenas 8% dos evang\u00e9licos se declaram de esquerda, diz estudo"},"content":{"rendered":"\n<p>De acordo com o DataSenado, no&nbsp;<a href=\"https:\/\/www.senado.leg.br\/institucional\/datasenado\/relatorio_online\/pesquisa_posicionamento_politico\/2024\/interativo.html\" target=\"_blank\" rel=\"noreferrer noopener\"><em>Panorama Pol\u00edtico 2024 \u2013 Posicionamento pol\u00edtico do brasileiro<\/em><\/a>, apenas 8% dos evang\u00e9licos no Brasil se consideram de esquerda. A avalia\u00e7\u00e3o mostra a vis\u00e3o dos pol\u00edticos de acordo com a religi\u00e3o, trazendo informa\u00e7\u00f5es relevantes sobre a quest\u00e3o.<\/p>\n\n\n\n<p>Por outro lado, 35% dos evang\u00e9licos se consideram de direita, 9% de centro e 42% n\u00e3o tem posi\u00e7\u00e3o [respondeu nenhuma das alternativas anteriores] e 5% n\u00e3o soube ou n\u00e3o quis responder.<\/p>\n\n\n\n<p>Entre os cat\u00f3licos, 15% se declara de esquerda, 28% de direita, 10% de centro, 39% nenhuma das anteriores, e 7% n\u00e3o soube ou n\u00e3o quis responder.<\/p>\n\n\n\n<p>J\u00e1 entre as pessoas de outras religi\u00f5es ou sem religi\u00e3o, 21% \u00e9 de esquerda, 21% \u00e9 de direita, 13% de centro, 41% nenhuma das anteriores e 4% n\u00e3o soube ou n\u00e3o quis responder.<\/p>\n\n\n\n<p>Como foi mostrado, entre cat\u00f3licos ou evang\u00e9licos a direita tem mais adeptos que a esquerda, mas perdem para aqueles que n\u00e3o se encaixam em nenhum dos lados do espectro pol\u00edtico.<\/p>\n\n\n\n<p>A pesquisa foi realizada entre 5 e 28 de junho, quando foram entrevistados, por telefone, 21.808 cidad\u00e3os, em amostra representativa da popula\u00e7\u00e3o brasileira, ou seja, de quase 170 milh\u00f5es de pessoas (169.840.184) com 16 anos ou mais.<\/p>\n","protected":false},"excerpt":{"rendered":"<p>De acordo com o DataSenado, no&nbsp;Panorama Pol\u00edtico 2024 \u2013 Posicionamento pol\u00edtico do brasileiro, apenas 8% dos evang\u00e9licos no Brasil se consideram de esquerda. A avalia\u00e7\u00e3o mostra a vis\u00e3o dos pol\u00edticos de acordo com a religi\u00e3o, trazendo informa\u00e7\u00f5es relevantes sobre a quest\u00e3o. Por outro lado, 35% dos evang\u00e9licos se consideram de direita, 9% de centro e [&hellip;]<\/p>\n","protected":false},"author":2,"featured_media":20777,"comment_status":"open","ping_status":"open","sticky":false,"template":"","format":"standard","meta":[],"categories":[12,4],"tags":[],"_links":{"self":[{"href":"https:\/\/dgospel.com.br\/portal\/index.php\/wp-json\/wp\/v2\/posts\/20776"}],"collection":[{"href":"https:\/\/dgospel.com.br\/portal\/index.php\/wp-json\/wp\/v2\/posts"}],"about":[{"href":"https:\/\/dgospel.com.br\/portal\/index.php\/wp-json\/wp\/v2\/types\/post"}],"author":[{"embeddable":true,"href":"https:\/\/dgospel.com.br\/portal\/index.php\/wp-json\/wp\/v2\/users\/2"}],"replies":[{"embeddable":true,"href":"https:\/\/dgospel.com.br\/portal\/index.php\/wp-json\/wp\/v2\/comments?post=20776"}],"version-history":[{"count":1,"href":"https:\/\/dgospel.com.br\/portal\/index.php\/wp-json\/wp\/v2\/posts\/20776\/revisions"}],"predecessor-version":[{"id":20778,"href":"https:\/\/dgospel.com.br\/portal\/index.php\/wp-json\/wp\/v2\/posts\/20776\/revisions\/20778"}],"wp:featuredmedia":[{"embeddable":true,"href":"https:\/\/dgospel.com.br\/portal\/index.php\/wp-json\/wp\/v2\/media\/20777"}],"wp:attachment":[{"href":"https:\/\/dgospel.com.br\/portal\/index.php\/wp-json\/wp\/v2\/media?parent=20776"}],"wp:term":[{"taxonomy":"category","embeddable":true,"href":"https:\/\/dgospel.com.br\/portal\/index.php\/wp-json\/wp\/v2\/categories?post=20776"},{"taxonomy":"post_tag","embeddable":true,"href":"https:\/\/dgospel.com.br\/portal\/index.php\/wp-json\/wp\/v2\/tags?post=20776"}],"curies":[{"name":"wp","href":"https:\/\/api.w.org\/{rel}","templated":true}]}}