{"id":20782,"date":"2024-10-03T09:52:38","date_gmt":"2024-10-03T12:52:38","guid":{"rendered":"https:\/\/dgospel.com.br\/portal\/?p=20782"},"modified":"2024-10-03T09:52:39","modified_gmt":"2024-10-03T12:52:39","slug":"caso-anielle-franco-conhecimento-previo-de-lula-e-janja-sobre-denuncias-de-ass3dio-pode-mudar-investigacoes-da-pf","status":"publish","type":"post","link":"https:\/\/dgospel.com.br\/portal\/index.php\/2024\/10\/03\/caso-anielle-franco-conhecimento-previo-de-lula-e-janja-sobre-denuncias-de-ass3dio-pode-mudar-investigacoes-da-pf\/","title":{"rendered":"Caso Anielle Franco: Conhecimento pr\u00e9vio de Lula e Janja sobre den\u00fancias de ass3dio pode mudar investiga\u00e7\u00f5es da PF"},"content":{"rendered":"\n<p>Novas revela\u00e7\u00f5es sobre as acusa\u00e7\u00f5es de ass\u00e9dio sexual envolvendo a ministra da Igualdade Racial, Anielle Franco, e o ex-ministro dos Direitos Humanos, Silvio Almeida, levantam suspeitas sobre o conhecimento pr\u00e9vio das den\u00fancias por parte de figuras-chave do governo Lula. Informa\u00e7\u00f5es indicam que tanto a primeira-dama, Janja da Silva, quanto outros ministros sabiam dos relatos de Anielle antes que o caso viesse \u00e0 tona publicamente.<\/p>\n\n\n\n<p>De acordo com fontes pr\u00f3ximas \u00e0 investiga\u00e7\u00e3o, Anielle j\u00e1 havia comunicado autoridades do governo sobre os epis\u00f3dios de ass\u00e9dio que ocorreram durante o per\u00edodo de transi\u00e7\u00e3o entre os governos de Jair Bolsonaro e Lula. Entretanto, nenhuma a\u00e7\u00e3o imediata foi tomada at\u00e9 que o caso fosse amplamente divulgado pela imprensa, o que culminou na demiss\u00e3o de Silvio Almeida em 6 de setembro, ap\u00f3s den\u00fancias na coluna de Guilherme Amado, no Metr\u00f3poles.<\/p>\n\n\n\n<p>O sil\u00eancio do governo e da primeira-dama, que supostamente estava ciente dos relatos, coloca em xeque a postura de prote\u00e7\u00e3o \u00e0s v\u00edtimas dentro do pr\u00f3prio c\u00edrculo governamental. A quest\u00e3o que agora se coloca \u00e9 se houve omiss\u00e3o ao n\u00e3o agir prontamente diante das den\u00fancias feitas por Anielle Franco e outras mulheres.<\/p>\n\n\n\n<p>Caso as alega\u00e7\u00f5es se confirmem, a falta de a\u00e7\u00e3o pode trazer consequ\u00eancias para o governo Lula, levantando debates sobre a responsabilidade de figuras de destaque em lidar com situa\u00e7\u00f5es de ass\u00e9dio e importuna\u00e7\u00e3o sexual no ambiente de trabalho. Cr\u00edticos apontam que o caso exp\u00f5e um poss\u00edvel descuido na gest\u00e3o de um governo que prega o combate \u00e0 desigualdade e a defesa dos direitos humanos.<\/p>\n\n\n\n<p>A Pol\u00edcia Federal segue investigando o caso, e o desdobramento da apura\u00e7\u00e3o pode gerar novas implica\u00e7\u00f5es para as lideran\u00e7as do governo. Se comprovada a in\u00e9rcia diante dos relatos de Anielle Franco, uma nova investiga\u00e7\u00e3o pode ser aberta para apurar poss\u00edveis falhas institucionais no trato das den\u00fancias de ass\u00e9dio sexual dentro da gest\u00e3o federal.<\/p>\n","protected":false},"excerpt":{"rendered":"<p>Novas revela\u00e7\u00f5es sobre as acusa\u00e7\u00f5es de ass\u00e9dio sexual envolvendo a ministra da Igualdade Racial, Anielle Franco, e o ex-ministro dos Direitos Humanos, Silvio Almeida, levantam suspeitas sobre o conhecimento pr\u00e9vio das den\u00fancias por parte de figuras-chave do governo Lula. Informa\u00e7\u00f5es indicam que tanto a primeira-dama, Janja da Silva, quanto outros ministros sabiam dos relatos de [&hellip;]<\/p>\n","protected":false},"author":2,"featured_media":20783,"comment_status":"open","ping_status":"open","sticky":false,"template":"","format":"standard","meta":[],"categories":[10],"tags":[],"_links":{"self":[{"href":"https:\/\/dgospel.com.br\/portal\/index.php\/wp-json\/wp\/v2\/posts\/20782"}],"collection":[{"href":"https:\/\/dgospel.com.br\/portal\/index.php\/wp-json\/wp\/v2\/posts"}],"about":[{"href":"https:\/\/dgospel.com.br\/portal\/index.php\/wp-json\/wp\/v2\/types\/post"}],"author":[{"embeddable":true,"href":"https:\/\/dgospel.com.br\/portal\/index.php\/wp-json\/wp\/v2\/users\/2"}],"replies":[{"embeddable":true,"href":"https:\/\/dgospel.com.br\/portal\/index.php\/wp-json\/wp\/v2\/comments?post=20782"}],"version-history":[{"count":1,"href":"https:\/\/dgospel.com.br\/portal\/index.php\/wp-json\/wp\/v2\/posts\/20782\/revisions"}],"predecessor-version":[{"id":20784,"href":"https:\/\/dgospel.com.br\/portal\/index.php\/wp-json\/wp\/v2\/posts\/20782\/revisions\/20784"}],"wp:featuredmedia":[{"embeddable":true,"href":"https:\/\/dgospel.com.br\/portal\/index.php\/wp-json\/wp\/v2\/media\/20783"}],"wp:attachment":[{"href":"https:\/\/dgospel.com.br\/portal\/index.php\/wp-json\/wp\/v2\/media?parent=20782"}],"wp:term":[{"taxonomy":"category","embeddable":true,"href":"https:\/\/dgospel.com.br\/portal\/index.php\/wp-json\/wp\/v2\/categories?post=20782"},{"taxonomy":"post_tag","embeddable":true,"href":"https:\/\/dgospel.com.br\/portal\/index.php\/wp-json\/wp\/v2\/tags?post=20782"}],"curies":[{"name":"wp","href":"https:\/\/api.w.org\/{rel}","templated":true}]}}