{"id":2080,"date":"2018-12-17T12:04:32","date_gmt":"2018-12-17T14:04:32","guid":{"rendered":"http:\/\/dgospel.com.br\/portal\/?p=2080"},"modified":"2018-12-17T12:04:32","modified_gmt":"2018-12-17T14:04:32","slug":"governador-mauro-carlesse-e-o-vice-wanderlei-barbosa-sao-diplomados-pelo-tre","status":"publish","type":"post","link":"https:\/\/dgospel.com.br\/portal\/index.php\/2018\/12\/17\/governador-mauro-carlesse-e-o-vice-wanderlei-barbosa-sao-diplomados-pelo-tre\/","title":{"rendered":"Governador Mauro Carlesse e o vice Wanderlei Barbosa s\u00e3o diplomados pelo TRE"},"content":{"rendered":"<p>Foi realizada na manh\u00e3 desta segunda-feira (17) a diploma\u00e7\u00e3o dos candidatos eleitos nas elei\u00e7\u00f5es de outubro. A cerim\u00f4nia aconteceu no audit\u00f3rio do Tribunal Regional Eleitoral (TRE) em Palmas. Foram diplomados o governador Mauro Carlesse (PHS) e o vice-governador, Wanderley Barbosa (PHS), os dois senadores, os deputados federais e estaduais, al\u00e9m dos respectivos suplentes.<\/p>\n<p data-track-category=\"Link no Texto\" data-track-links=\"\">\n<p>Mauro Carlesse est\u00e1 no cargo de governador desde que a Justi\u00e7a Eleitoral\u00a0cassou o mandato de Marcelo Miranda (MDB), em mar\u00e7o deste ano. Ele venceu os dois turnos da\u00a0elei\u00e7\u00e3o suplementar e desde ent\u00e3o cumpre mandato-tamp\u00e3o.<\/p>\n<p data-track-category=\"Link no Texto\" data-track-links=\"\">Em outubro, Carlesse voltou a disputar as elei\u00e7\u00f5es e foi\u00a0reeleito em primeiro turno, com 57,39% dos votos v\u00e1lidos. O mandato come\u00e7a em 2019 e segue at\u00e9 2022.<\/p>\n<h2><strong>Diplomados<\/strong><\/h2>\n<p>Entre diplomados na manh\u00e3 desta segunda-feira (17) est\u00e1 o ex-governador Siqueira Campos (DEM). O pol\u00edtico chegou em uma cadeira de rodas e recebeu o diploma de suplente do senador Eduardo Gomes (SD). Ele chegou a se candidatar ao senado, mas desistiu da disputa ap\u00f3s problemas de sa\u00fade.<\/p>\n<p data-track-category=\"Link no Texto\" data-track-links=\"\">Esta \u00e9 a primeira apari\u00e7\u00e3o p\u00fablica de Siqueira Campos desde que passou por cirurgia para retirar todo o intestino grosso. Ele ficou quase tr\u00eas\u00a0meses internado em S\u00e3o Paulo e retornou ao Tocantins em novembro.<\/p>\n<p data-track-category=\"Link no Texto\" data-track-links=\"\">\n<p data-track-category=\"Link no Texto\" data-track-links=\"\">Fonte:\u00a0G1 Tocantins<\/p>\n<p data-track-category=\"Link no Texto\" data-track-links=\"\">\n","protected":false},"excerpt":{"rendered":"<p>Foi realizada na manh\u00e3 desta segunda-feira (17) a diploma\u00e7\u00e3o dos candidatos eleitos nas elei\u00e7\u00f5es de outubro. A cerim\u00f4nia aconteceu no audit\u00f3rio do Tribunal Regional Eleitoral (TRE) em Palmas. Foram diplomados o governador Mauro Carlesse (PHS) e o vice-governador, Wanderley Barbosa (PHS), os dois senadores, os deputados federais e estaduais, al\u00e9m dos respectivos suplentes. Mauro Carlesse [&hellip;]<\/p>\n","protected":false},"author":2,"featured_media":2081,"comment_status":"open","ping_status":"open","sticky":false,"template":"","format":"standard","meta":[],"categories":[2,4],"tags":[],"_links":{"self":[{"href":"https:\/\/dgospel.com.br\/portal\/index.php\/wp-json\/wp\/v2\/posts\/2080"}],"collection":[{"href":"https:\/\/dgospel.com.br\/portal\/index.php\/wp-json\/wp\/v2\/posts"}],"about":[{"href":"https:\/\/dgospel.com.br\/portal\/index.php\/wp-json\/wp\/v2\/types\/post"}],"author":[{"embeddable":true,"href":"https:\/\/dgospel.com.br\/portal\/index.php\/wp-json\/wp\/v2\/users\/2"}],"replies":[{"embeddable":true,"href":"https:\/\/dgospel.com.br\/portal\/index.php\/wp-json\/wp\/v2\/comments?post=2080"}],"version-history":[{"count":1,"href":"https:\/\/dgospel.com.br\/portal\/index.php\/wp-json\/wp\/v2\/posts\/2080\/revisions"}],"predecessor-version":[{"id":2082,"href":"https:\/\/dgospel.com.br\/portal\/index.php\/wp-json\/wp\/v2\/posts\/2080\/revisions\/2082"}],"wp:featuredmedia":[{"embeddable":true,"href":"https:\/\/dgospel.com.br\/portal\/index.php\/wp-json\/wp\/v2\/media\/2081"}],"wp:attachment":[{"href":"https:\/\/dgospel.com.br\/portal\/index.php\/wp-json\/wp\/v2\/media?parent=2080"}],"wp:term":[{"taxonomy":"category","embeddable":true,"href":"https:\/\/dgospel.com.br\/portal\/index.php\/wp-json\/wp\/v2\/categories?post=2080"},{"taxonomy":"post_tag","embeddable":true,"href":"https:\/\/dgospel.com.br\/portal\/index.php\/wp-json\/wp\/v2\/tags?post=2080"}],"curies":[{"name":"wp","href":"https:\/\/api.w.org\/{rel}","templated":true}]}}